{"id":3785,"date":"2019-03-29T19:02:54","date_gmt":"2019-03-29T18:02:54","guid":{"rendered":"https:\/\/cgt-bfc.fr\/?p=3785"},"modified":"2019-06-18T08:55:18","modified_gmt":"2019-06-18T07:55:18","slug":"si-le-conseil-dadministration-du-lycee-leon-blum-vote-pour-des-cameras-de-surveillance-le-conseil-regional-suivra","status":"publish","type":"post","link":"https:\/\/cgt-bfc.fr\/index.php\/2019\/03\/29\/si-le-conseil-dadministration-du-lycee-leon-blum-vote-pour-des-cameras-de-surveillance-le-conseil-regional-suivra\/","title":{"rendered":"\u00abSi le conseil d\u2019administration du Lyc\u00e9e L\u00e9on Blum vote pour des cam\u00e9ras de surveillance, le Conseil R\u00e9gional suivra\u00bb"},"content":{"rendered":"\n<p>Tout d&rsquo;abord, la CGT du conseil r\u00e9gional de Bourgogne Franche-Comt\u00e9,<\/p>\n\n\n\n<p>apporte tout son soutien et un prompt r\u00e9tablissement \u00e0 notre coll\u00e8gue du Lyc\u00e9e L\u00e9on Blum agress\u00e9e par un \u00e9l\u00e8ve, dans&nbsp; l&rsquo;exercice de ses missions.<\/p>\n\n\n\n<p>Suite \u00e0 cette agression, Monsieur St\u00e9phane Guiguet, vice-pr\u00e9sident en charge des lyc\u00e9es, a propos\u00e9 une aide exceptionnelle afin de mettre en place la vid\u00e9o surveillance,<\/p>\n\n\n\n<p>Concernant la question des moyens en personnels, St\u00e9phane Guiguet est cat\u00e9gorique : pour les agents de la R\u00e9gion, on est dans le bon taux d\u2019encadrement, <strong>on est pile-poil dans la moyenne<\/strong>,<\/p>\n\n\n\n<p>source :<a href=\"http:\/\/www.creusot-infos.com\/news\/vie-locale\/le-creusot\/stephane-guiguet-si-le-conseil-d-administration-du-lycee-leon-blum-vote-pour-des-cameras-de-surveillance-le-conseil-regional-suivra.html\" target=\"_blank\" rel=\"noreferrer noopener\" aria-label=\"le Creusot Info (s\u2019ouvre dans un nouvel onglet)\">le Creusot Info<\/a><\/p>\n\n\n\n<p>Apr\u00e8s un rapide calcul, la CGT fait le constat suivant:<\/p>\n\n\n\n<p>Nombre d&rsquo;\u00e9l\u00e8ves 1304<\/p>\n\n\n\n<p>Nombre d&rsquo;agents 39<\/p>\n\n\n\n<p>Ratio : 1 agent pour 33 \u00e9l\u00e8ves<\/p>\n\n\n\n<p>lors de discussion informelle, la CGT a cru comprendre que le ratio 1 agent pour 33 \u00e9l\u00e8ves \u00ab\u00a0pourrait \u00eatre la norme\u00a0\u00bb.Monsieur Guiguet aurait-il d\u00e9j\u00e0 d\u00e9cid\u00e9, pr\u00e9alablement \u00e0 toutes discussions avec les organisations syndicales que ce ratio \u00ab\u00a0taux d&rsquo;encadrement \u00a0\u00bb est act\u00e9?<\/p>\n\n\n\n<p>Quelles autres mauvaises nouvelles para\u00eetront dans la presse dans les toutes prochaines semaines(?).<\/p>\n\n\n\n<p>Une fois de plus, l&rsquo;ex\u00e9cutif r\u00e9gional m\u00e9prise les repr\u00e9sentants des personnels.<\/p>\n\n\n\n<p style=\"text-align:center\"><strong>\u00ab\u00a0vive le dialogue social en Bourgogne Franche Comt\u00e9!\u00a0\u00bb.<\/strong><\/p>\n\n\n\n<p><a href=\"http:\/\/cgt-bfc.fr\/\/wp-content\/media\/pdf\/CT%2017-01-2019.pdf\" target=\"_blank\" rel=\"noreferrer noopener\" aria-label=\" (s\u2019ouvre dans un nouvel onglet)\"> D\u00e9claration de Mr Guiguet 17\/01\/19<\/a><\/p>\n\n\n\n<figure class=\"wp-block-image\"><img loading=\"lazy\" decoding=\"async\" width=\"1024\" height=\"640\" src=\"https:\/\/cgt-bfc.fr\/wp-content\/uploads\/2019\/03\/leon_blum_ST-1024x640.jpg\" alt=\"\" class=\"wp-image-3797\" srcset=\"https:\/\/cgt-bfc.fr\/wp-content\/uploads\/2019\/03\/leon_blum_ST-1024x640.jpg 1024w, https:\/\/cgt-bfc.fr\/wp-content\/uploads\/2019\/03\/leon_blum_ST.jpg 1680w\" sizes=\"auto, (max-width: 1024px) 100vw, 1024px\" \/><\/figure>\n\n\n\n<p><\/p>\n\n\n\n<h4 class=\"wp-block-heading\"><a href=\"http:\/\/www.creusot-infos.com\/news\/vie-locale\/le-creusot\/le-creusot-une-agent-agressee-et-frappee-ce-lundi-matin-au-lycee-leon-blum.html\">Une agent agress\u00e9e et frapp\u00e9e ce lundi matin au Lyc\u00e9e L\u00e9on Blum<\/a><\/h4>\n\n\n\n<p><a rel=\"noreferrer noopener\" target=\"_blank\" href=\"http:\/\/www.creusot-infos.com\/news\/vie-locale\/le-creusot\/le-creusot-les-lyceens-de-leon-blum-mobilises-pour-exiger-plus-de-moyens-du-rectorat-au-nom-d-un-climat-plus-serein.html\">LE CREUSOT : Les lyc\u00e9ens de L\u00e9on Blum mobilis\u00e9s pour exiger plus de moyens du Rectorat, au nom d&rsquo;un climat plus serein<\/a><\/p>\n\n\n\n<p><a rel=\"noreferrer noopener\" target=\"_blank\" href=\"http:\/\/www.creusot-infos.com\/news\/vie-locale\/le-creusot\/video-l-annonce-du-droit-de-retrait-des-enseignants-et-personnels-aux-eleves-du-lycee-leon-blum.html\">VIDEO : L&rsquo;annonce du droit de retrait des enseignants et personnels, aux \u00e9l\u00e8ves du Lyc\u00e9e L\u00e9on Blum<\/a><\/p>\n\n\n\n<p><a rel=\"noreferrer noopener\" target=\"_blank\" href=\"http:\/\/www.creusot-infos.com\/news\/vie-locale\/le-creusot\/dijon-une-delegation-du-lycee-leon-blum-recue-par-la-rectrice.html\">DIJON : Une d\u00e9l\u00e9gation du lyc\u00e9e L\u00e9on Blum re\u00e7ue par la rectrice<\/a><\/p>\n\n\n\n<p><\/p>\n\n\n\n<figure class=\"wp-block-image\"><img loading=\"lazy\" decoding=\"async\" width=\"868\" height=\"422\" src=\"https:\/\/cgt-bfc.fr\/wp-content\/uploads\/2019\/03\/cgt_L_anonymous_L.png\" alt=\"\" class=\"wp-image-3810\"\/><\/figure>\n","protected":false},"excerpt":{"rendered":"<div class=\"mh-excerpt\"><p>Tout d&rsquo;abord, la CGT du conseil r\u00e9gional de Bourgogne Franche-Comt\u00e9, apporte tout son soutien et un prompt r\u00e9tablissement \u00e0 notre coll\u00e8gue du Lyc\u00e9e L\u00e9on Blum <a class=\"mh-excerpt-more\" href=\"https:\/\/cgt-bfc.fr\/index.php\/2019\/03\/29\/si-le-conseil-dadministration-du-lycee-leon-blum-vote-pour-des-cameras-de-surveillance-le-conseil-regional-suivra\/\" title=\"\u00abSi le conseil d\u2019administration du Lyc\u00e9e L\u00e9on Blum vote pour des cam\u00e9ras de surveillance, le Conseil R\u00e9gional suivra\u00bb\">[&#8230;]<\/a><\/p>\n<\/div>","protected":false},"author":1,"featured_media":3792,"comment_status":"open","ping_status":"open","sticky":false,"template":"","format":"standard","meta":{"_jetpack_memberships_contains_paid_content":false,"footnotes":""},"categories":[1,13,22],"tags":[],"class_list":["post-3785","post","type-post","status-publish","format-standard","has-post-thumbnail","hentry","category-actu","category-agents","category-agents-des-lycees"],"jetpack_featured_media_url":"https:\/\/cgt-bfc.fr\/wp-content\/uploads\/2019\/03\/leon_watch_you.png","jetpack_sharing_enabled":true,"_links":{"self":[{"href":"https:\/\/cgt-bfc.fr\/index.php\/wp-json\/wp\/v2\/posts\/3785","targetHints":{"allow":["GET"]}}],"collection":[{"href":"https:\/\/cgt-bfc.fr\/index.php\/wp-json\/wp\/v2\/posts"}],"about":[{"href":"https:\/\/cgt-bfc.fr\/index.php\/wp-json\/wp\/v2\/types\/post"}],"author":[{"embeddable":true,"href":"https:\/\/cgt-bfc.fr\/index.php\/wp-json\/wp\/v2\/users\/1"}],"replies":[{"embeddable":true,"href":"https:\/\/cgt-bfc.fr\/index.php\/wp-json\/wp\/v2\/comments?post=3785"}],"version-history":[{"count":27,"href":"https:\/\/cgt-bfc.fr\/index.php\/wp-json\/wp\/v2\/posts\/3785\/revisions"}],"predecessor-version":[{"id":3824,"href":"https:\/\/cgt-bfc.fr\/index.php\/wp-json\/wp\/v2\/posts\/3785\/revisions\/3824"}],"wp:featuredmedia":[{"embeddable":true,"href":"https:\/\/cgt-bfc.fr\/index.php\/wp-json\/wp\/v2\/media\/3792"}],"wp:attachment":[{"href":"https:\/\/cgt-bfc.fr\/index.php\/wp-json\/wp\/v2\/media?parent=3785"}],"wp:term":[{"taxonomy":"category","embeddable":true,"href":"https:\/\/cgt-bfc.fr\/index.php\/wp-json\/wp\/v2\/categories?post=3785"},{"taxonomy":"post_tag","embeddable":true,"href":"https:\/\/cgt-bfc.fr\/index.php\/wp-json\/wp\/v2\/tags?post=3785"}],"curies":[{"name":"wp","href":"https:\/\/api.w.org\/{rel}","templated":true}]}}