{"id":386,"date":"2016-05-24T20:38:23","date_gmt":"2016-05-24T19:38:23","guid":{"rendered":"http:\/\/cgt-bfc.fr\/?p=386"},"modified":"2016-05-24T20:45:11","modified_gmt":"2016-05-24T19:45:11","slug":"preavis-de-greve-du-30-mai-au-14-juin-2016","status":"publish","type":"post","link":"https:\/\/cgt-bfc.fr\/index.php\/2016\/05\/24\/preavis-de-greve-du-30-mai-au-14-juin-2016\/","title":{"rendered":"Pr\u00e9avis de gr\u00e8ve du 30 mai au 14 juin 2016"},"content":{"rendered":"<p><strong>Madame la Ministre,<\/strong> Avec la grande majorit\u00e9 de nos concitoyens, avec de nombreuses organisations de salari\u00e9s, de jeunes, avec des forces associatives et politiques, la CGT porte l\u2019exigence du retrait du projet de loi r\u00e9gressif port\u00e9 par votre minist\u00e8re, projet qui constitue une attaque contre l\u2019ensemble du monde du travail.<\/p>\n<p>&nbsp;<\/p>\n<p>Nous consid\u00e9rons en effet que l\u2019abaissement des garanties collectives dans le secteur priv\u00e9, outre ses cons\u00e9quences d\u00e9sastreuses pour les salari\u00e9s directement impact\u00e9s, serait un nouvel \u00e9l\u00e9ment confortant les attaques actuelles contre le Statut de la Fonction publique (cf. la loi dite \u00ab d\u00e9ontologie \u00bb) et en justifierait de nouvelles. Il est par cons\u00e9quent de l\u2019int\u00e9r\u00eat premier des salari\u00e9s relevant du Code du travail et des agents r\u00e9gis par les r\u00e8gles statutaires de la Fonction publique de faire front commun contre cette nouvelle attaque port\u00e9e par le gouvernement. Nous revendiquons donc le retrait du projet de loi dit Travail et le renforcement du Code du Travail dans son r\u00f4le de protection des travailleurs. En d\u00e9pit du recours antid\u00e9mocratique \u00e0 l\u2019article 49-3 de la Constitution, la mobilisation se renforce comme en attestent la journ\u00e9e de mobilisation du 19 mai et le d\u00e9veloppement de gr\u00e8ves reconductibles et d\u2019actions de blocage de l\u2019\u00e9conomie. Lors de son 51\u00e8me congr\u00e8s conf\u00e9d\u00e9ral, la CGT a appel\u00e9 \u00e0 poursuivre et \u00e0 amplifier la mobilisation unitaire interprofessionnelle. Nous appelons dans ce cadre \u00e0 l\u2019action l\u2019ensemble des agents et salari\u00e9s relevant du champ de syndicalisation de la F\u00e9d\u00e9ration.<\/p>\n<h3 style=\"text-align: center;\"><a href=\"file:\/\/\/C:\/Users\/Herv%C3%A9\/Desktop\/20160523_Pr%C3%A9avis%2030mai%20au%2014%20juin%202016%20El%20Khomri%20(1).pdf\" target=\"_blank\">Lire le pr\u00e9avis entier : ICI<\/a><\/h3>\n<p>&nbsp;<\/p>\n<p>&nbsp;<\/p>\n<p>&nbsp;<\/p>\n<p>&nbsp;<\/p>\n","protected":false},"excerpt":{"rendered":"<div class=\"mh-excerpt\"><p>Madame la Ministre, Avec la grande majorit\u00e9 de nos concitoyens, avec de nombreuses organisations de salari\u00e9s, de jeunes, avec des forces associatives et politiques, la <a class=\"mh-excerpt-more\" href=\"https:\/\/cgt-bfc.fr\/index.php\/2016\/05\/24\/preavis-de-greve-du-30-mai-au-14-juin-2016\/\" title=\"Pr\u00e9avis de gr\u00e8ve du 30 mai au 14 juin 2016\">[&#8230;]<\/a><\/p>\n<\/div>","protected":false},"author":1,"featured_media":0,"comment_status":"open","ping_status":"open","sticky":false,"template":"","format":"standard","meta":{"_jetpack_memberships_contains_paid_content":false,"footnotes":""},"categories":[1],"tags":[],"class_list":["post-386","post","type-post","status-publish","format-standard","hentry","category-actu"],"jetpack_featured_media_url":"","jetpack_sharing_enabled":true,"_links":{"self":[{"href":"https:\/\/cgt-bfc.fr\/index.php\/wp-json\/wp\/v2\/posts\/386","targetHints":{"allow":["GET"]}}],"collection":[{"href":"https:\/\/cgt-bfc.fr\/index.php\/wp-json\/wp\/v2\/posts"}],"about":[{"href":"https:\/\/cgt-bfc.fr\/index.php\/wp-json\/wp\/v2\/types\/post"}],"author":[{"embeddable":true,"href":"https:\/\/cgt-bfc.fr\/index.php\/wp-json\/wp\/v2\/users\/1"}],"replies":[{"embeddable":true,"href":"https:\/\/cgt-bfc.fr\/index.php\/wp-json\/wp\/v2\/comments?post=386"}],"version-history":[{"count":6,"href":"https:\/\/cgt-bfc.fr\/index.php\/wp-json\/wp\/v2\/posts\/386\/revisions"}],"predecessor-version":[{"id":393,"href":"https:\/\/cgt-bfc.fr\/index.php\/wp-json\/wp\/v2\/posts\/386\/revisions\/393"}],"wp:attachment":[{"href":"https:\/\/cgt-bfc.fr\/index.php\/wp-json\/wp\/v2\/media?parent=386"}],"wp:term":[{"taxonomy":"category","embeddable":true,"href":"https:\/\/cgt-bfc.fr\/index.php\/wp-json\/wp\/v2\/categories?post=386"},{"taxonomy":"post_tag","embeddable":true,"href":"https:\/\/cgt-bfc.fr\/index.php\/wp-json\/wp\/v2\/tags?post=386"}],"curies":[{"name":"wp","href":"https:\/\/api.w.org\/{rel}","templated":true}]}}