{"id":403,"date":"2016-05-25T13:31:46","date_gmt":"2016-05-25T12:31:46","guid":{"rendered":"http:\/\/cgt-bfc.fr\/?p=403"},"modified":"2016-05-31T17:27:29","modified_gmt":"2016-05-31T16:27:29","slug":"403","status":"publish","type":"post","link":"https:\/\/cgt-bfc.fr\/index.php\/2016\/05\/25\/403\/","title":{"rendered":"LIEUX ET HEURES DES MANIFS POUR  LE JEUDI 26 MAI"},"content":{"rendered":"<p style=\"text-align: center;\"><u>LIEUX ET HEURES DES MANIFS POUR\u00a0<\/u><u>\u00a0<\/u><u>LE JEUDI 26 MAI SUR LA BOURGOGNE <\/u><\/p>\n<p><strong><br \/>\n<u>DIJON<\/u><\/strong><\/p>\n<p>D\u00e9part CGT : 14h devant la Bourse du Travail pour rejoindre, tous ensemble, le d\u00e9part de la manifestation unitaire.<br \/>\nD\u00e9part CGT-FO-FSU-Solidaires-UNEF \u00e0 \u00a015h place de la Lib\u00e9ration pour rejoindre la place de la R\u00e9publique o\u00f9 le projet de loi travail sera symboliquement enterr\u00e9.<\/p>\n<p><strong><u>MONTBARD<\/u><\/strong> : 17h place Gambetta<\/p>\n<p><strong><u>SAONE ET LOIRE\u00a0: <\/u>\u00a0\u00a0\u00a0\u00a0\u00a0<\/strong><\/p>\n<p>Autun\u00a0: 12h45 Rassemblement\/Barrage filtrant sur ZI St Andoche et ZUP<\/p>\n<p>Chalon\u00a0\u00a0 de 7H \u00e0 12H\u00a0 Rassemblement\/Barrage filtrant sur ZI Nord puis Barbecue chez Isover<\/p>\n<p>Chalon\u00a0: 14h30 Rassemblement chez Isover pour manifestation vers<\/p>\n<p>Gueugnon\u00a0: 11h30 Rassemblement\/Barrage filtrant au rond-point du guide et\u00a0 distribution le march\u00e9 le matin<\/p>\n<p>Le Creusot\u00a0: 11h30 Rassemblement\/Barrage filtrant au rond-point Gymnase Torcy\/G\u00e9ant Casino<\/p>\n<p>Louhans\u00a0: 15h Rassemblement\/Barrage filtrant rond-point de Brame (stade de Foot)<\/p>\n<p>M\u00e2con\u00a0: 14h30 Rassemblement place Genev\u00e8s\u00a0 filtrant carrefour de l\u2019Europe zone industrielle sud<\/p>\n<p>Montceau\u00a0: 16h Rassemblement\/ Barrage filtant PPM-TEREX puis rond-point Galuzot<\/p>\n<p><strong><u>\u00a0<\/u><\/strong><strong><u>NIEVRE <\/u><\/strong>\u00a0\u00a0\u00a0\u00a0\u00a0\u00a0\u00a0D\u00e9part 15h devant la Pr\u00e9fecture<\/p>\n<p>&nbsp;<\/p>\n<p>&nbsp;<\/p>\n<p style=\"text-align: center;\"><strong><u>LIEUX ET HEURES DES MANIFS POUR\u00a0<\/u><\/strong><strong><u>LE JEUDI 26 MAI SUR LA FRANCHE-COMTE <\/u><\/strong><\/p>\n<p>&nbsp;<\/p>\n<p>&nbsp;<\/p>\n<p>&nbsp;<\/p>\n<p><strong><u>BESANCON :<\/u><\/strong><\/p>\n<ul>\n<li>jeudi 26 mai journ\u00e9e d&rsquo;action<\/li>\n<\/ul>\n<p>8h 30 blocage \u00e0 l&rsquo;intersection avenue Jouchoux<br \/>\n11h depart de la manifestation au si\u00e8ge du MEDEF\u00a0 7 avenue Jouchoux \u00e0 Besan\u00e7on<\/p>\n<ul>\n<li>vendredi 27 mai<\/li>\n<\/ul>\n<p>RDV 17 heures devant le bowling de Palente pour accueillir la ministre du travail comme il se doit et comme elle le m\u00e9rite!!!<\/p>\n<p>mardi 14 juin<\/p>\n<p>Manifestation Nationale sur Paris, veuillez-vous inscrire pour le bus aupr\u00e8s de l&rsquo;ul soit par mail\u00a0 <a href=\"https:\/\/bourgogne.franche-comte.fr\/owa\/redir.aspx?C=iGTCqjTiWUKWIs4RGrJl7SpGmPACitMIyMzQ8aFW3ns69iYM5lRXq4MIvB2NI8rSl9zcLuyZz3E.&amp;URL=mailto%3acgtbesanconul%40gmail.com\">cgtbesanconul@gmail.com<\/a><br \/>\nsoit par t\u00e9l\u00e9phone 0381813467<\/p>\n<p>Une participation sera demand\u00e9e \u00e0 chaque syndicat par camarade inscrit<\/p>\n<p><strong><u>BELFORT<\/u><\/strong><strong> :\u00a0\u00a0\u00a0\u00a0\u00a0\u00a0\u00a0 <\/strong><\/p>\n<p>Jeudi 26 mai 10h maison du peuple<\/p>\n<p>Vendredi 27 mai 12h00 devant le TGI de Belfort rassemblement de soutien pour les camarades d&rsquo;Air\u00a0France<\/p>\n<p><strong><u>DOLE<\/u><\/strong><strong> :<\/strong><\/p>\n<p>10 h 30 Sous-Pr\u00e9fecture<\/p>\n<p><strong><u>LONS-LE-SAUNIER<\/u><\/strong><strong> :<\/strong><\/p>\n<p>15 h place de la Libert\u00e9<\/p>\n<p>Le 14, jour de passage de la loi El Khomri au Senat, la CGT appelle \u00e0 une grande manifestation le 14 \u00e0 Paris. Il y aura 4 bus pour le jura inscrivez-vous sur l&rsquo;adresse ud39@cgt.fr . Nous informons d\u00e8s \u00e0 pr\u00e9sents tous les syndicats \u00a0que vous serez sollicit\u00e9 pour financer les bus.<\/p>\n<p style=\"text-align: center;\"><em><strong>RESTONS MOBILISE CONTRE LA LOI EL KHOMRI<\/strong><\/em><\/p>\n<p><strong><u>VESOUL<\/u><\/strong> :<\/p>\n<p>De 11 h \u00e0 14 h porte entr\u00e9e Peugeot avec des Rives du Lac &amp; Rond-point Gefco \u00e0 Noidans les Vesoul<\/p>\n<p>&nbsp;<\/p>\n<p>&nbsp;<\/p>\n<p>&nbsp;<\/p>\n<p>&nbsp;<\/p>\n<p>&nbsp;<\/p>\n<p>&nbsp;<\/p>\n<p>&nbsp;<\/p>\n","protected":false},"excerpt":{"rendered":"<div class=\"mh-excerpt\"><p>LIEUX ET HEURES DES MANIFS POUR\u00a0\u00a0LE JEUDI 26 MAI SUR LA BOURGOGNE DIJON D\u00e9part CGT : 14h devant la Bourse du Travail pour rejoindre, tous <a class=\"mh-excerpt-more\" href=\"https:\/\/cgt-bfc.fr\/index.php\/2016\/05\/25\/403\/\" title=\"LIEUX ET HEURES DES MANIFS POUR  LE JEUDI 26 MAI\">[&#8230;]<\/a><\/p>\n<\/div>","protected":false},"author":1,"featured_media":405,"comment_status":"open","ping_status":"open","sticky":false,"template":"","format":"standard","meta":{"_jetpack_memberships_contains_paid_content":false,"footnotes":""},"categories":[1],"tags":[],"class_list":["post-403","post","type-post","status-publish","format-standard","has-post-thumbnail","hentry","category-actu"],"jetpack_featured_media_url":"https:\/\/cgt-bfc.fr\/wp-content\/uploads\/2016\/05\/manif_26_mai-e1464181715387.jpg","jetpack_sharing_enabled":true,"_links":{"self":[{"href":"https:\/\/cgt-bfc.fr\/index.php\/wp-json\/wp\/v2\/posts\/403","targetHints":{"allow":["GET"]}}],"collection":[{"href":"https:\/\/cgt-bfc.fr\/index.php\/wp-json\/wp\/v2\/posts"}],"about":[{"href":"https:\/\/cgt-bfc.fr\/index.php\/wp-json\/wp\/v2\/types\/post"}],"author":[{"embeddable":true,"href":"https:\/\/cgt-bfc.fr\/index.php\/wp-json\/wp\/v2\/users\/1"}],"replies":[{"embeddable":true,"href":"https:\/\/cgt-bfc.fr\/index.php\/wp-json\/wp\/v2\/comments?post=403"}],"version-history":[{"count":2,"href":"https:\/\/cgt-bfc.fr\/index.php\/wp-json\/wp\/v2\/posts\/403\/revisions"}],"predecessor-version":[{"id":406,"href":"https:\/\/cgt-bfc.fr\/index.php\/wp-json\/wp\/v2\/posts\/403\/revisions\/406"}],"wp:featuredmedia":[{"embeddable":true,"href":"https:\/\/cgt-bfc.fr\/index.php\/wp-json\/wp\/v2\/media\/405"}],"wp:attachment":[{"href":"https:\/\/cgt-bfc.fr\/index.php\/wp-json\/wp\/v2\/media?parent=403"}],"wp:term":[{"taxonomy":"category","embeddable":true,"href":"https:\/\/cgt-bfc.fr\/index.php\/wp-json\/wp\/v2\/categories?post=403"},{"taxonomy":"post_tag","embeddable":true,"href":"https:\/\/cgt-bfc.fr\/index.php\/wp-json\/wp\/v2\/tags?post=403"}],"curies":[{"name":"wp","href":"https:\/\/api.w.org\/{rel}","templated":true}]}}