{"id":5477,"date":"2020-02-13T12:44:15","date_gmt":"2020-02-13T11:44:15","guid":{"rendered":"https:\/\/cgt-bfc.fr\/?p=5477"},"modified":"2021-04-19T10:13:30","modified_gmt":"2021-04-19T09:13:30","slug":"ct_questions_reponses","status":"publish","type":"post","link":"https:\/\/cgt-bfc.fr\/index.php\/2020\/02\/13\/ct_questions_reponses\/","title":{"rendered":"CT_QUESTIONS_REPONSES"},"content":{"rendered":"\n<ol class=\"wp-block-list\"><li>La\nCGT demande des informations concernant la sortie programm\u00e9e du d\u00e9cret\nd\u2019extension du RIFSEEP, tant sur le d\u00e9lai de sortie, que sur le d\u00e9lai dans\nlequel la R\u00e9gion envisage de le mettre en application.<\/li><\/ol>\n\n\n\n<p><strong><em>D\u00e9cret non paru,\nles agents ATTE\/plafond r\u00e9glementaire, pas de versement de la CIA en juin.<\/em><\/strong><\/p>\n\n\n\n<p><strong><em>Si le texte est\npromulgu\u00e9 en 2020, versement de la CIA en 2021.<\/em><\/strong><\/p>\n\n\n\n<ul class=\"wp-block-list\"><li>La CGT r\u00e9it\u00e8re\nsa demande de nomination de&nbsp; l\u2019ensemble\ndes&nbsp; encadrants dans les lyc\u00e9es au grade\nde technicien en priorisant l\u2019obtention de concours, ce dans un souci d\u2019\u00e9quit\u00e9\nde traitement entre le si\u00e8ge et les lyc\u00e9es (nous appartenons tous \u00e0 la m\u00eame\ncollectivit\u00e9) <em>et pour permettre une\n\u00e9volution de carri\u00e8re digne de ce nom pour tous les agents, notamment ceux\nexer\u00e7ant leurs missions dans les \u00e9tablissements d\u2019enseignement.<\/em><\/li><\/ul>\n\n\n\n<p><strong><em>Les repr\u00e9sentants des \u00e9lus et de l\u2019administration ont d\u00e9j\u00e0 r\u00e9pondu au CT du 19 septembre. L\u2019autorit\u00e9 refuse de consid\u00e9rer les encadrants des lyc\u00e9es de la m\u00eame mani\u00e8re que les encadrants administratifs. Pour la CGT c\u2019est une atteinte \u00e0 l\u2019\u00e9galit\u00e9 de traitement des agents et un m\u00e9pris de la fonction d\u2019encadrement dans les lyc\u00e9es.<\/em><\/strong><\/p>\n\n\n\n<ul class=\"wp-block-list\"><li>La\nCGT demande le retrait de tous les crit\u00e8res bloquant l\u2019avancement de la majeur\npartie des agents de la collectivit\u00e9, et notamment les agents des\n\u00e9tablissements d\u2019enseignement. <\/li><\/ul>\n\n\n\n<p><strong><em>Les repr\u00e9sentants des \u00e9lus et de\nl\u2019administration ont demand\u00e9 \u00e0 la CGT de reformuler la question. Cela d\u00e9montre\nle refus d\u2019une \u2019\u00e9volution de carri\u00e8re digne et reconnaissant l\u2019engagement de\nchacun au bon fonctionnement de la collectivit\u00e9.<\/em><\/strong><\/p>\n\n\n\n<ul class=\"wp-block-list\"><li>La\nCGT souhaiterait avoir des informations concernant la v\u00e9rification et\n\u00ab&nbsp;correction&nbsp;\u00bb des emplois du temps non conformes (suite \u00e0 notre\ndemande accept\u00e9, d\u2019octobre)&nbsp;: nombre d\u2019\u00e9tablissement concern\u00e9, r\u00e9currence\ndes anomalies dans les \u00e9tablissements. La CGT vous informe que, suite \u00e0 des\n\u00e9changes avec des coll\u00e8gues des lyc\u00e9es, il appara\u00eet que dans certains cas les\nNTS ne soient pas correctement pos\u00e9s.<\/li><\/ul>\n\n\n\n<p><strong><em>Un courrier est syst\u00e9matiquement adress\u00e9 \u00e0 l\u2019\u00e9tablissement pour rappeler la r\u00e8gle. Un groupe de travail sera mis en place concernant cette probl\u00e9matique.<\/em><\/strong><\/p>\n\n\n\n<ul class=\"wp-block-list\"><li>La\nCGT redemande que les agents des \u00e9tablissements d\u2019enseignements ait r\u00e9ellement\nla possibilit\u00e9 de consulter leur emploi du temps via le logiciel d\u00e9di\u00e9.<\/li><\/ul>\n\n\n\n<p><strong><em>Les repr\u00e9sentants des \u00e9lus et de l\u2019administration ont d\u00e9j\u00e0 r\u00e9pondu au CT du 19 septembre. <a href=\"http:\/\/cgt-bfc.fr\/\/wp-content\/media\/pdf\/Gestion%20des%20utilisateurs_logiciel_emploi_d_temps%20.pdf\">Notre r\u00e9ponse par la d\u00e9monstration<\/a>.<\/em><\/strong><\/p>\n\n\n\n<ul class=\"wp-block-list\"><li>La\nCGT souhaiterait que soit effectuer un point sur les heures suppl\u00e9mentaires et\nnotamment \u00e9cr\u00eat\u00e9es des agents du si\u00e8ge.<\/li><\/ul>\n\n\n\n<p><strong><em>La r\u00e9ponse sera donn\u00e9e lors de  de la pr\u00e9sentation en juillet du bilan annuel des RH.<\/em><\/strong><\/p>\n\n\n\n<ul class=\"wp-block-list\"><li>La\nCGT demande si le nouveau RIFSEEP a permis l\u2019am\u00e9lioration des recrutements sur\nles comp\u00e9tences \u00ab&nbsp;rares&nbsp;\u00bb ou tr\u00e8s sp\u00e9cifiques.<\/li><\/ul>\n\n\n\n<p><strong><em>Il est trop t\u00f4t\npour y r\u00e9pondre.<\/em><\/strong><\/p>\n\n\n\n<ul class=\"wp-block-list\"><li>La\nCGT renouvelle sa demande de remboursement d\u00e8s le premier kilom\u00e8tre dans le\ncadre du plan mobilit\u00e9.<\/li><\/ul>\n\n\n\n<p><strong><em>Les repr\u00e9sentants des \u00e9lus et de l\u2019administration ont d\u00e9j\u00e0 r\u00e9pondu au CT des 14 mars et 19 septembre 2019. Toute d\u00e9cision favorable aux agents ne semble pas \u00e0 l\u2019ordre du jour<\/em><\/strong><\/p>\n\n\n\n<ul class=\"wp-block-list\"><li>La\nCGT demande une augmentation de 400 euros du r\u00e9gime indemnitaire pour\nl\u2019ensemble des agents.<\/li><\/ul>\n\n\n\n<p><strong><em>Les repr\u00e9sentants des \u00e9lus et de l\u2019administration ont d\u00e9j\u00e0 r\u00e9pondu au CT du 19 septembre en accordant 300 sur le CIA.<\/em><\/strong> <strong><em>Toute d\u00e9cision favorable aux agents ne semble pas \u00e0 l\u2019ordre du jour.<\/em><\/strong><\/p>\n\n\n\n<ol class=\"wp-block-list\"><li>La CGT souhaite\nconna\u00eetre l\u2019avancement sur la situation du site de Pontigny, d\u2019autant qu\u2019il en\nva du devenir d\u2019un agent qui peut se retrouver en souffrance par l\u2019incertitude\nqui plane sur l\u2019avenir du site.<\/li><\/ol>\n\n\n\n<p><strong><em>La complexit\u00e9 du dossier rend son traitement difficile mais tout est mis en \u0153uvre pour r\u00e9soudre la situation.<\/em><\/strong><\/p>\n\n\n\n<ol class=\"wp-block-list\"><li>La CGT alerte la\nR\u00e9gion du nombre croissant de modification d\u2019emplois du temps sans respect de\nla r\u00e9glementation du temps travail, accompagn\u00e9 souvent de modifications\nsubstantielles des missions. <\/li><\/ol>\n\n\n\n<p><strong>  un groupe de travail DRH-Organisations syndicales.<\/strong> <\/p>\n\n\n\n<ol class=\"wp-block-list\"><li>La CGT, dans le\ncadre de l\u2019informatisation de la proc\u00e9dure d\u2019\u00e9valuation, et des\n\u00ab&nbsp;d\u00e9mat\u00e9rialisations&nbsp;\u00bb futures envisag\u00e9es (fiche de paies\u2026),\nsouhaiterait savoir si un point a \u00e9t\u00e9 r\u00e9alis\u00e9 quant \u00e0 l\u2019existant en mat\u00e9riel\ninformatique dans les \u00e9tablissements d\u2019enseignements, en vue d\u2019en faciliter\nl\u2019acc\u00e8s aux agents. Et la CGT demande si la R\u00e9gion pr\u00e9voit de r\u00e9aliser des\nactions compl\u00e9mentaires de formation en mati\u00e8re num\u00e9rique.<\/li><\/ol>\n\n\n\n<p><strong><em>Un inventaire a \u00e9t\u00e9 r\u00e9alis\u00e9 en 2019 par la DNE, et un march\u00e9 a \u00e9t\u00e9 pass\u00e9 pour une formation par un prestataire ext\u00e9rieur qui se d\u00e9roulera \u00e0 partir de septembre de 2020<\/em><\/strong>.<\/p>\n\n\n\n<ol class=\"wp-block-list\"><li>Concernant le\nlogiciel ECLAT, la CGT souhaite avoir un retour sur son utilisation&nbsp;: taux\nd\u2019utilisation, difficult\u00e9s.<\/li><\/ol>\n\n\n\n<p><strong><em>Le logiciel n\u2019\u00e9tant pas une application g\u00e9r\u00e9e par la r\u00e9gion, celle-ci ne peut intervenir de quelques mani\u00e8res que ce soit.<\/em><\/strong><\/p>\n\n\n\n<ol class=\"wp-block-list\"><li>La CGT\nsouhaiterait, pour une meilleure utilisation de l\u2019annuaire, une mise \u00e0 jour de\nl\u2019annuaire \u00ab&nbsp;agents&nbsp;\u00bb, notamment par la suppression des liens\n\u00ab&nbsp;vides&nbsp;\u00bb concernant les lyc\u00e9es, de m\u00eame qu\u2019\u00e0 la mutation d\u2019un agent\nson nom soit effectivement mis dans le bon fichier \u00ab&nbsp;\u00e9tablissement&nbsp;\u00bb.<\/li><\/ol>\n\n\n\n<p><strong><em>La mise \u00e0 jour\nest en cours, le nouvel annuaire sera disponible fin mars 2020.<\/em><\/strong><\/p>\n\n\n\n<p><\/p>\n\n\n\n<ol class=\"wp-block-list\"><li>Dans le cadre du\nSNU (service national universel) la CGT s\u2019interroge sur l\u2019absence\nd\u2019informations quant \u00e0 son effectivit\u00e9 dans notre r\u00e9gion.<\/li><\/ol>\n\n\n\n<p>La CGT demande&nbsp;: <\/p>\n\n\n\n<ul class=\"wp-block-list\"><li>les\nnoms des \u00e9tablissements impact\u00e9s<\/li><li>si\nla r\u00e9gion pr\u00e9voit de faire intervenir ses agents pendant les p\u00e9riodes\nd\u2019occupation par le SNU, c\u2019est-\u00e0-dire en dehors de la p\u00e9riode \u00ab&nbsp;pr\u00e9sence\n\u00e9l\u00e8ves&nbsp;\u00bb.<\/li><li>comment\nla r\u00e9gion envisage l\u2019information des agents et la gestion des emplois du temps<\/li><li>si\ntel est le cas, la CGT demande que cela se fasse sur la base du volontariat et\navec contrepartie (r\u00e9cup\u00e9ration ou paiement des heures suppl\u00e9mentaires)<\/li><\/ul>\n\n\n\n<p><strong><em>L\u2019intervention des agents se fera uniquement\nsur la base du volontariat dans le cadre d\u2019une autorisation d\u2019activit\u00e9\ncompl\u00e9mentaire (r\u00e9mun\u00e9r\u00e9 par l\u2019\u00e9tablissement), ou par un prestataire ext\u00e9rieur.\nL\u2019administration est en attente d\u2019information concernant les \u00e9tablissements\nconcern\u00e9s.<\/em><\/strong><\/p>\n\n\n\n<p>DEBRABANT Pascal<\/p>\n\n\n\n<p>Secr\u00e9taire g\u00e9n\u00e9ral<\/p>\n\n\n\n<figure class=\"wp-block-image\"><img loading=\"lazy\" decoding=\"async\" width=\"1024\" height=\"768\" src=\"https:\/\/cgt-bfc.fr\/wp-content\/uploads\/2020\/02\/snu-1024x768.jpg\" alt=\"\" class=\"wp-image-5482\" srcset=\"https:\/\/cgt-bfc.fr\/wp-content\/uploads\/2020\/02\/snu.jpg 1024w, https:\/\/cgt-bfc.fr\/wp-content\/uploads\/2020\/02\/snu-678x509.jpg 678w, https:\/\/cgt-bfc.fr\/wp-content\/uploads\/2020\/02\/snu-326x245.jpg 326w, https:\/\/cgt-bfc.fr\/wp-content\/uploads\/2020\/02\/snu-80x60.jpg 80w\" sizes=\"auto, (max-width: 1024px) 100vw, 1024px\" \/><\/figure>\n","protected":false},"excerpt":{"rendered":"<div class=\"mh-excerpt\"><p>La CGT demande des informations concernant la sortie programm\u00e9e du d\u00e9cret d\u2019extension du RIFSEEP, tant sur le d\u00e9lai de sortie, que sur le d\u00e9lai dans <a class=\"mh-excerpt-more\" href=\"https:\/\/cgt-bfc.fr\/index.php\/2020\/02\/13\/ct_questions_reponses\/\" title=\"CT_QUESTIONS_REPONSES\">[&#8230;]<\/a><\/p>\n<\/div>","protected":false},"author":1,"featured_media":5480,"comment_status":"open","ping_status":"open","sticky":false,"template":"","format":"standard","meta":{"_jetpack_memberships_contains_paid_content":false,"footnotes":""},"categories":[1,21,13,22],"tags":[],"class_list":["post-5477","post","type-post","status-publish","format-standard","has-post-thumbnail","hentry","category-actu","category-agent-du-siege","category-agents","category-agents-des-lycees"],"jetpack_featured_media_url":"https:\/\/cgt-bfc.fr\/wp-content\/uploads\/2020\/02\/question-rc3a9ponse-article-18-fc3a9vrier.jpg","jetpack_sharing_enabled":true,"_links":{"self":[{"href":"https:\/\/cgt-bfc.fr\/index.php\/wp-json\/wp\/v2\/posts\/5477","targetHints":{"allow":["GET"]}}],"collection":[{"href":"https:\/\/cgt-bfc.fr\/index.php\/wp-json\/wp\/v2\/posts"}],"about":[{"href":"https:\/\/cgt-bfc.fr\/index.php\/wp-json\/wp\/v2\/types\/post"}],"author":[{"embeddable":true,"href":"https:\/\/cgt-bfc.fr\/index.php\/wp-json\/wp\/v2\/users\/1"}],"replies":[{"embeddable":true,"href":"https:\/\/cgt-bfc.fr\/index.php\/wp-json\/wp\/v2\/comments?post=5477"}],"version-history":[{"count":21,"href":"https:\/\/cgt-bfc.fr\/index.php\/wp-json\/wp\/v2\/posts\/5477\/revisions"}],"predecessor-version":[{"id":5514,"href":"https:\/\/cgt-bfc.fr\/index.php\/wp-json\/wp\/v2\/posts\/5477\/revisions\/5514"}],"wp:featuredmedia":[{"embeddable":true,"href":"https:\/\/cgt-bfc.fr\/index.php\/wp-json\/wp\/v2\/media\/5480"}],"wp:attachment":[{"href":"https:\/\/cgt-bfc.fr\/index.php\/wp-json\/wp\/v2\/media?parent=5477"}],"wp:term":[{"taxonomy":"category","embeddable":true,"href":"https:\/\/cgt-bfc.fr\/index.php\/wp-json\/wp\/v2\/categories?post=5477"},{"taxonomy":"post_tag","embeddable":true,"href":"https:\/\/cgt-bfc.fr\/index.php\/wp-json\/wp\/v2\/tags?post=5477"}],"curies":[{"name":"wp","href":"https:\/\/api.w.org\/{rel}","templated":true}]}}