{"id":5791,"date":"2020-03-18T21:46:25","date_gmt":"2020-03-18T20:46:25","guid":{"rendered":"https:\/\/cgt-bfc.fr\/?p=5791"},"modified":"2020-03-18T21:47:28","modified_gmt":"2020-03-18T20:47:28","slug":"mise-a-jour-le-mercredi-18-mars","status":"publish","type":"post","link":"https:\/\/cgt-bfc.fr\/index.php\/2020\/03\/18\/mise-a-jour-le-mercredi-18-mars\/","title":{"rendered":"Mise \u00e0 jour le mercredi 18 mars,"},"content":{"rendered":"\n<p><\/p>\n\n\n\n<p><strong>Toutes les r\u00e9ponses aux questions que vous vous posez sur le Coronavirus COVID-19\u00a0:<\/strong><\/p>\n\n\n\n<p>Le 16 mars 2020, le Pr\u00e9sident de la R\u00e9publique a d\u00e9cid\u00e9 de prendre des mesures pour r\u00e9duire \u00e0 leur plus strict minimum les contacts et les d\u00e9placements. Un dispositif de confinement est mis en place sur l\u2019ensemble du territoire \u00e0 compter du mardi 17 mars \u00e0 12h00, pour quinze jours minimum.&nbsp;<strong>Les d\u00e9placements sont interdits sauf dans les cas suivants et uniquement \u00e0 condition d&rsquo;\u00eatre munis d&rsquo;une attestation<\/strong>&nbsp;pour :<\/p>\n\n\n\n<ul class=\"wp-block-list\"><li>Se d\u00e9placer de son domicile \u00e0 son lieu de travail d\u00e8s lors que le t\u00e9l\u00e9travail n\u2019est pas possible ;<\/li><li>Faire ses achats de premi\u00e8re n\u00e9cessit\u00e9 dans les commerces de proximit\u00e9 autoris\u00e9s ;<\/li><li>Se rendre aupr\u00e8s d\u2019un professionnel de sant\u00e9 ;<\/li><li>Se d\u00e9placer pour la garde de ses enfants ou pour aider les personnes vuln\u00e9rables \u00e0 la stricte condition de respecter les gestes barri\u00e8res ;<\/li><li>Faire de l\u2019exercice physique uniquement \u00e0 titre individuel, autour du domicile et sans aucun rassemblement.<\/li><\/ul>\n\n\n\n<p><strong>Les deux documents n\u00e9cessaires pour circuler sont disponibles&nbsp;:<\/strong><\/p>\n\n\n\n<ul class=\"wp-block-list\"><li><strong>l&rsquo;attestation individuelle, \u00e0&nbsp;<a href=\"https:\/\/www.gouvernement.fr\/sites\/default\/files\/contenu\/piece-jointe\/2020\/03\/attestation_de_deplacement_derogatoire.pdf\" target=\"_blank\" rel=\"noreferrer noopener\">t\u00e9l\u00e9charger en cliquant ici<\/a>&nbsp;ou \u00e0 reproduire sur papier libre. Elle doit \u00eatre remplie pour chaque d\u00e9placement non professionnel ;<\/strong><\/li><li><strong>l&rsquo;attestation de l&#8217;employeur,&nbsp;<a href=\"https:\/\/www.gouvernement.fr\/sites\/default\/files\/contenu\/piece-jointe\/2020\/03\/justificatif_de_deplacement_professionnel.pdf\" target=\"_blank\" rel=\"noreferrer noopener\">\u00e0 t\u00e9l\u00e9charger en cliquant ici<\/a>. Elle est valable pendant toute la dur\u00e9e des mesures de confinement et n\u2019a donc pas \u00e0 \u00eatre renouvel\u00e9e tous les jours.<\/strong><\/li><\/ul>\n\n\n\n<p>Les infractions \u00e0 ces r\u00e8gles seront sanctionn\u00e9es d&rsquo;une amende de 135 euros. En cas de doute sur ces restrictions de d\u00e9placement, vous pouvez consulter les&nbsp;<a href=\"https:\/\/www.gouvernement.fr\/sites\/default\/files\/contenu\/piece-jointe\/2020\/03\/faq-restrictions.pdf\" target=\"_blank\" rel=\"noreferrer noopener\">questions \/ r\u00e9ponses en cliquant ici<\/a>.<br>Les attestations officielles imprim\u00e9es et les attestations sur l\u2019honneur r\u00e9dig\u00e9es sur papier libre sont les seules valables.<\/p>\n\n\n\n<p><\/p>\n","protected":false},"excerpt":{"rendered":"<div class=\"mh-excerpt\"><p>Toutes les r\u00e9ponses aux questions que vous vous posez sur le Coronavirus COVID-19\u00a0: Le 16 mars 2020, le Pr\u00e9sident de la R\u00e9publique a d\u00e9cid\u00e9 de <a class=\"mh-excerpt-more\" href=\"https:\/\/cgt-bfc.fr\/index.php\/2020\/03\/18\/mise-a-jour-le-mercredi-18-mars\/\" title=\"Mise \u00e0 jour le mercredi 18 mars,\">[&#8230;]<\/a><\/p>\n<\/div>","protected":false},"author":1,"featured_media":5792,"comment_status":"open","ping_status":"open","sticky":false,"template":"","format":"standard","meta":{"_jetpack_memberships_contains_paid_content":false,"footnotes":""},"categories":[29],"tags":[],"class_list":["post-5791","post","type-post","status-publish","format-standard","has-post-thumbnail","hentry","category-covid-19"],"jetpack_featured_media_url":"https:\/\/cgt-bfc.fr\/wp-content\/uploads\/2020\/03\/gouvernement00.jpg","jetpack_sharing_enabled":true,"_links":{"self":[{"href":"https:\/\/cgt-bfc.fr\/index.php\/wp-json\/wp\/v2\/posts\/5791","targetHints":{"allow":["GET"]}}],"collection":[{"href":"https:\/\/cgt-bfc.fr\/index.php\/wp-json\/wp\/v2\/posts"}],"about":[{"href":"https:\/\/cgt-bfc.fr\/index.php\/wp-json\/wp\/v2\/types\/post"}],"author":[{"embeddable":true,"href":"https:\/\/cgt-bfc.fr\/index.php\/wp-json\/wp\/v2\/users\/1"}],"replies":[{"embeddable":true,"href":"https:\/\/cgt-bfc.fr\/index.php\/wp-json\/wp\/v2\/comments?post=5791"}],"version-history":[{"count":2,"href":"https:\/\/cgt-bfc.fr\/index.php\/wp-json\/wp\/v2\/posts\/5791\/revisions"}],"predecessor-version":[{"id":5794,"href":"https:\/\/cgt-bfc.fr\/index.php\/wp-json\/wp\/v2\/posts\/5791\/revisions\/5794"}],"wp:featuredmedia":[{"embeddable":true,"href":"https:\/\/cgt-bfc.fr\/index.php\/wp-json\/wp\/v2\/media\/5792"}],"wp:attachment":[{"href":"https:\/\/cgt-bfc.fr\/index.php\/wp-json\/wp\/v2\/media?parent=5791"}],"wp:term":[{"taxonomy":"category","embeddable":true,"href":"https:\/\/cgt-bfc.fr\/index.php\/wp-json\/wp\/v2\/categories?post=5791"},{"taxonomy":"post_tag","embeddable":true,"href":"https:\/\/cgt-bfc.fr\/index.php\/wp-json\/wp\/v2\/tags?post=5791"}],"curies":[{"name":"wp","href":"https:\/\/api.w.org\/{rel}","templated":true}]}}