{"id":6246,"date":"2020-03-25T03:39:54","date_gmt":"2020-03-25T02:39:54","guid":{"rendered":"https:\/\/cgt-bfc.fr\/?p=6246"},"modified":"2021-04-19T10:15:08","modified_gmt":"2021-04-19T09:15:08","slug":"attention-nouveau-formulaire-date-et-heure-de-debut-de-sortie-a-mentionner-obligatoirement","status":"publish","type":"post","link":"https:\/\/cgt-bfc.fr\/index.php\/2020\/03\/25\/attention-nouveau-formulaire-date-et-heure-de-debut-de-sortie-a-mentionner-obligatoirement\/","title":{"rendered":"Attention nouveau formulaire"},"content":{"rendered":"\n<p> Sept possibilit\u00e9s figurent d\u00e9sormais sur la nouvelle attestation de d\u00e9placement d\u00e9rogatoire. Aux cinq cases d\u00e9j\u00e0 existantes sur le document pr\u00e9c\u00e9dent s\u2019ajoute deux motifs de sortie : la convocation judiciaire ou administrative et la participation \u00e0 des missions d\u2019int\u00e9r\u00eat g\u00e9n\u00e9ral sur demande de l\u2019autorit\u00e9 administrative. <\/p>\n\n\n\n<h2 class=\"wp-block-heading\"><a href=\"http:\/\/cgt-bfc.fr\/\/wp-content\/media\/attestation-deplacement_23.pdf\">Une attestation \u00e0 pr\u00e9senter d\u00e8s mercredi 25 mars ICI<\/a><\/h2>\n\n\n\n<p>Le d\u00e9cret qui pr\u00e9cise ces restrictions a \u00e9t\u00e9 sign\u00e9 lundi soir et&nbsp;<a href=\"https:\/\/www.legifrance.gouv.fr\/affichTexte.do?cidTexte=JORFTEXT000041746694&amp;categorieLien=id#JORFARTI000041746714\">publi\u00e9 au Journal officiel ce mardi<\/a>.<\/p>\n\n\n\n<h3 class=\"wp-block-heading\"><strong>Cette nouvelle attestation de d\u00e9placement d\u00e9rogatoire s\u2019applique d\u00e8s mercredi 25 mars.<\/strong><\/h3>\n\n\n\n<figure class=\"wp-block-image size-large\"><a href=\"https:\/\/www.interieur.gouv.fr\/Accueil\"><img loading=\"lazy\" decoding=\"async\" width=\"1024\" height=\"724\" src=\"https:\/\/cgt-bfc.fr\/wp-content\/uploads\/2020\/03\/interieur-1024x724.jpg\" alt=\"\" class=\"wp-image-6254\" srcset=\"https:\/\/cgt-bfc.fr\/wp-content\/uploads\/2020\/03\/interieur-1024x724.jpg 1024w, https:\/\/cgt-bfc.fr\/wp-content\/uploads\/2020\/03\/interieur.jpg 1229w\" sizes=\"auto, (max-width: 1024px) 100vw, 1024px\" \/><\/a><\/figure>\n\n\n\n<figure class=\"wp-block-image size-large\"><a href=\"http:\/\/cgt-bfc.fr\/\/wp-content\/media\/attestation-deplacement_23.pdf\"><img loading=\"lazy\" decoding=\"async\" width=\"682\" height=\"827\" src=\"https:\/\/cgt-bfc.fr\/wp-content\/uploads\/2020\/03\/nouvelle_derogation_23_mars.jpg\" alt=\"\" class=\"wp-image-6259\"\/><\/a><\/figure>\n","protected":false},"excerpt":{"rendered":"<div class=\"mh-excerpt\"><p>Sept possibilit\u00e9s figurent d\u00e9sormais sur la nouvelle attestation de d\u00e9placement d\u00e9rogatoire. Aux cinq cases d\u00e9j\u00e0 existantes sur le document pr\u00e9c\u00e9dent s\u2019ajoute deux motifs de sortie <a class=\"mh-excerpt-more\" href=\"https:\/\/cgt-bfc.fr\/index.php\/2020\/03\/25\/attention-nouveau-formulaire-date-et-heure-de-debut-de-sortie-a-mentionner-obligatoirement\/\" title=\"Attention nouveau formulaire\">[&#8230;]<\/a><\/p>\n<\/div>","protected":false},"author":1,"featured_media":6249,"comment_status":"open","ping_status":"open","sticky":false,"template":"","format":"standard","meta":{"_jetpack_memberships_contains_paid_content":false,"footnotes":""},"categories":[1,29],"tags":[],"class_list":["post-6246","post","type-post","status-publish","format-standard","has-post-thumbnail","hentry","category-actu","category-covid-19"],"jetpack_featured_media_url":"https:\/\/cgt-bfc.fr\/wp-content\/uploads\/2020\/03\/Attestation-de-deplacement-derogatoire_banner.gif","jetpack_sharing_enabled":true,"_links":{"self":[{"href":"https:\/\/cgt-bfc.fr\/index.php\/wp-json\/wp\/v2\/posts\/6246","targetHints":{"allow":["GET"]}}],"collection":[{"href":"https:\/\/cgt-bfc.fr\/index.php\/wp-json\/wp\/v2\/posts"}],"about":[{"href":"https:\/\/cgt-bfc.fr\/index.php\/wp-json\/wp\/v2\/types\/post"}],"author":[{"embeddable":true,"href":"https:\/\/cgt-bfc.fr\/index.php\/wp-json\/wp\/v2\/users\/1"}],"replies":[{"embeddable":true,"href":"https:\/\/cgt-bfc.fr\/index.php\/wp-json\/wp\/v2\/comments?post=6246"}],"version-history":[{"count":13,"href":"https:\/\/cgt-bfc.fr\/index.php\/wp-json\/wp\/v2\/posts\/6246\/revisions"}],"predecessor-version":[{"id":6266,"href":"https:\/\/cgt-bfc.fr\/index.php\/wp-json\/wp\/v2\/posts\/6246\/revisions\/6266"}],"wp:featuredmedia":[{"embeddable":true,"href":"https:\/\/cgt-bfc.fr\/index.php\/wp-json\/wp\/v2\/media\/6249"}],"wp:attachment":[{"href":"https:\/\/cgt-bfc.fr\/index.php\/wp-json\/wp\/v2\/media?parent=6246"}],"wp:term":[{"taxonomy":"category","embeddable":true,"href":"https:\/\/cgt-bfc.fr\/index.php\/wp-json\/wp\/v2\/categories?post=6246"},{"taxonomy":"post_tag","embeddable":true,"href":"https:\/\/cgt-bfc.fr\/index.php\/wp-json\/wp\/v2\/tags?post=6246"}],"curies":[{"name":"wp","href":"https:\/\/api.w.org\/{rel}","templated":true}]}}