{"id":771,"date":"2016-11-05T15:03:56","date_gmt":"2016-11-05T14:03:56","guid":{"rendered":"http:\/\/cgt-bfc.fr\/?p=771"},"modified":"2016-11-05T18:19:42","modified_gmt":"2016-11-05T17:19:42","slug":"attaches-territoriaux-non-au-graf-et-au-ppcr-oui-a-une-carriere-lineaire","status":"publish","type":"post","link":"https:\/\/cgt-bfc.fr\/index.php\/2016\/11\/05\/attaches-territoriaux-non-au-graf-et-au-ppcr-oui-a-une-carriere-lineaire\/","title":{"rendered":"Attach\u00e9s territoriaux, non au GRAF et au PPCR, oui \u00e0 une carri\u00e8re lin\u00e9aire"},"content":{"rendered":"<p style=\"text-align: center;\">Deux projets de d\u00e9crets sur la situation statutaire et indiciaire du cadre d\u2019emplois d\u2019attach\u00e9 territorial sont pass\u00e9s au CSFPT le 19 octobre 2016.<\/p>\n<p style=\"text-align: left;\">lire la suite et t\u00e9l\u00e9chargez le pdf \u00a0:<a href=\"http:\/\/cgt-bfc.fr\/\/wp-content\/media\/pdf\/tract_ufict_cadre_d_emplois_d_attache_territorial_.pdf\"> Ici<\/a><\/p>\n<p style=\"text-align: left;\">Signez la p\u00e9tition : <a href=\"https:\/\/www.change.org\/p\/ministre-de-la-fonction-publique-attach%C3%A9s-territoriaux-non-au-grag-et-au-ppcr-oui-%C3%A0-une-carri%C3%A8re-lin%C3%A9aire?recruiter=152200050&amp;utm_campaign=signature_receipt&amp;utm_medium=email&amp;utm_source=share_petition\">Ici<\/a><\/p>\n","protected":false},"excerpt":{"rendered":"<div class=\"mh-excerpt\"><p>Deux projets de d\u00e9crets sur la situation statutaire et indiciaire du cadre d\u2019emplois d\u2019attach\u00e9 territorial sont pass\u00e9s au CSFPT le 19 octobre 2016. lire la <a class=\"mh-excerpt-more\" href=\"https:\/\/cgt-bfc.fr\/index.php\/2016\/11\/05\/attaches-territoriaux-non-au-graf-et-au-ppcr-oui-a-une-carriere-lineaire\/\" title=\"Attach\u00e9s territoriaux, non au GRAF et au PPCR, oui \u00e0 une carri\u00e8re lin\u00e9aire\">[&#8230;]<\/a><\/p>\n<\/div>","protected":false},"author":1,"featured_media":776,"comment_status":"open","ping_status":"open","sticky":false,"template":"","format":"standard","meta":{"_jetpack_memberships_contains_paid_content":false,"footnotes":""},"categories":[1,21],"tags":[],"class_list":["post-771","post","type-post","status-publish","format-standard","has-post-thumbnail","hentry","category-actu","category-agent-du-siege"],"jetpack_featured_media_url":"https:\/\/cgt-bfc.fr\/wp-content\/uploads\/2016\/11\/ppcr_att-e1478365742219.png","jetpack_sharing_enabled":true,"_links":{"self":[{"href":"https:\/\/cgt-bfc.fr\/index.php\/wp-json\/wp\/v2\/posts\/771","targetHints":{"allow":["GET"]}}],"collection":[{"href":"https:\/\/cgt-bfc.fr\/index.php\/wp-json\/wp\/v2\/posts"}],"about":[{"href":"https:\/\/cgt-bfc.fr\/index.php\/wp-json\/wp\/v2\/types\/post"}],"author":[{"embeddable":true,"href":"https:\/\/cgt-bfc.fr\/index.php\/wp-json\/wp\/v2\/users\/1"}],"replies":[{"embeddable":true,"href":"https:\/\/cgt-bfc.fr\/index.php\/wp-json\/wp\/v2\/comments?post=771"}],"version-history":[{"count":7,"href":"https:\/\/cgt-bfc.fr\/index.php\/wp-json\/wp\/v2\/posts\/771\/revisions"}],"predecessor-version":[{"id":780,"href":"https:\/\/cgt-bfc.fr\/index.php\/wp-json\/wp\/v2\/posts\/771\/revisions\/780"}],"wp:featuredmedia":[{"embeddable":true,"href":"https:\/\/cgt-bfc.fr\/index.php\/wp-json\/wp\/v2\/media\/776"}],"wp:attachment":[{"href":"https:\/\/cgt-bfc.fr\/index.php\/wp-json\/wp\/v2\/media?parent=771"}],"wp:term":[{"taxonomy":"category","embeddable":true,"href":"https:\/\/cgt-bfc.fr\/index.php\/wp-json\/wp\/v2\/categories?post=771"},{"taxonomy":"post_tag","embeddable":true,"href":"https:\/\/cgt-bfc.fr\/index.php\/wp-json\/wp\/v2\/tags?post=771"}],"curies":[{"name":"wp","href":"https:\/\/api.w.org\/{rel}","templated":true}]}}