{"id":781,"date":"2016-11-08T07:39:32","date_gmt":"2016-11-08T06:39:32","guid":{"rendered":"http:\/\/cgt-bfc.fr\/?p=781"},"modified":"2016-11-08T15:38:30","modified_gmt":"2016-11-08T14:38:30","slug":"nos-propositions-sur-le-temps-de-travail","status":"publish","type":"post","link":"https:\/\/cgt-bfc.fr\/index.php\/2016\/11\/08\/nos-propositions-sur-le-temps-de-travail\/","title":{"rendered":"Nos propositions sur  le temps de travail"},"content":{"rendered":"<p><strong>Suite au dernier dialogue social veuillez trouver les\u00a0 premi\u00e8res propositions de \u00a0la CGT concernants le temps de travail\u00a0 sur les items que vous nous avez soumis pour les agents du si\u00e8ge.<\/strong><\/p>\n<p><strong><u>Badgeage\u00a0<\/u><\/strong><strong>:\u00a0 <\/strong><\/p>\n<p>Pour tous<\/p>\n<p><strong><u>\u00a0<\/u><\/strong><\/p>\n<p><strong><u>Plage Horaire\u00a0:<\/u><\/strong><\/p>\n<p>Plage Fixe de 9h30 \u00e0 11h30 et de 14h15 \u00e0 16h15<\/p>\n<p><strong><u>Les Horaires<\/u><\/strong><\/p>\n<p>Trois Formules horaires\u00a0 au choix de l\u2019agent\u00a0:\u00a0 35h \/ 37h ou 39h<\/p>\n<p><strong><u>\u00a0<\/u><\/strong><\/p>\n<p><strong><u>Bureau \u00e9tendu et travail \u00e0 distance<\/u><\/strong><\/p>\n<p>Equiper toutes les salles de r\u00e9union en visio conf\u00e9rence ,CESER compris<\/p>\n<p>Gestion crois\u00e9e des v\u00e9hicules de service et de covoiturage<\/p>\n<p>Maintiens en site distant, avec installation des moyens en ad\u00e9quations<\/p>\n<p>D\u00e9finir la r\u00e9sidence administrative de l\u2019agent (lieu de travail)<\/p>\n<p>Prise en charge du surco\u00fbt de l\u2019assurance du v\u00e9hicule personnel, si l\u2019agent se trouve dans l\u2019obligation de l\u2019utiliser dans son cr\u00e9naux horaire<\/p>\n<p>En fonction des disponibilit\u00e9s des v\u00e9hicules, du lieux de d\u00e9placement autorisation temporaire de prendre un v\u00e9hicule de service la vieille au soir<\/p>\n<p><strong><u>\u00a0<\/u><\/strong><\/p>\n<p><strong><u>\u00a0<\/u><\/strong><\/p>\n<p><strong><u>T\u00e9l\u00e9 Travail\u00a0:<\/u><\/strong><\/p>\n<p>Possibilit\u00e9 de d\u00e9caler ,suite \u00e0 une contraite de service (r\u00e9union)<img loading=\"lazy\" decoding=\"async\" class=\"alignright wp-image-786\" src=\"http:\/\/cgt-bfc.fr\/wp-content\/uploads\/2016\/11\/teletravail-75x75.png\" alt=\"teletravail\" width=\"198\" height=\"198\" \/><\/p>\n<p>Tous refus devra \u00eatre justifier et motiver par \u00e9crit et discut\u00e9 dans l\u2019instance comp\u00e9tente<\/p>\n<p>2 jours de t\u00e9l\u00e9travail voir 3 uniquement \u00e0 la demande de l\u2019agent<\/p>\n<p>pr\u00e9avis le 1<sup>er<\/sup> du mois d\u2019apr\u00e8s<\/p>\n<p>Le t\u00e9l\u00e9 travail doit en priorit\u00e9 ce faire au domicile de l\u2019agent , sauf demande Dur\u00e9e de l\u2019engagement 1 an, avec de la souplesse et une p\u00e9riode de 3 mois \u00e0 l\u2019essai et exceptionnelle de l\u2019agent par \u00e9crit qui souhaite le faire sur une plate forme ,mais en aucun cas dans un\u00a0 lyc\u00e9e.<\/p>\n<p>Pr\u00e9voir un ordi portable avec un \u00e9cran suffissament grand<\/p>\n<p>Horaire sur une base forfaitaire sans v\u00e9rification , le t\u00e9l\u00e9 travail doit se faire dans la confiance.<\/p>\n<p>&nbsp;<\/p>\n<p><strong><u>Chauffeur<\/u><\/strong><\/p>\n<p>Horaire 39h par semaine<\/p>\n<p>Mise en place d\u2019astreinte chauffeur sur 7 jours et par rotation<\/p>\n<p>Mettre en place une priorisation des personnes transport\u00e9es,transmis aux chauffeurs, d\u00e9finir un cadre de droit .<\/p>\n<p>Conna\u00eetre l\u2019adresse ainsi que l\u2019heure de retour ,avoir toutes les infos n\u00e9cessaires.<\/p>\n<p>&nbsp;<\/p>\n<p>&nbsp;<\/p>\n<p>&nbsp;<\/p>\n<p><strong><u>\u00a0<\/u><\/strong><\/p>\n<p><strong>\u00a0 <\/strong>La Secr\u00e9taire G\u00e9n\u00e9rale<\/p>\n<p>Catherine Salvadori<\/p>\n<p>Tel\u00a0: 07.75.25.98.72<\/p>\n<p><strong>\u00a0<\/strong><\/p>\n<p>&nbsp;<\/p>\n","protected":false},"excerpt":{"rendered":"<div class=\"mh-excerpt\"><p>Suite au dernier dialogue social veuillez trouver les\u00a0 premi\u00e8res propositions de \u00a0la CGT concernants le temps de travail\u00a0 sur les items que vous nous avez <a class=\"mh-excerpt-more\" href=\"https:\/\/cgt-bfc.fr\/index.php\/2016\/11\/08\/nos-propositions-sur-le-temps-de-travail\/\" title=\"Nos propositions sur  le temps de travail\">[&#8230;]<\/a><\/p>\n<\/div>","protected":false},"author":1,"featured_media":783,"comment_status":"open","ping_status":"open","sticky":false,"template":"","format":"standard","meta":{"_jetpack_memberships_contains_paid_content":false,"footnotes":""},"categories":[1,21],"tags":[],"class_list":["post-781","post","type-post","status-publish","format-standard","has-post-thumbnail","hentry","category-actu","category-agent-du-siege"],"jetpack_featured_media_url":"https:\/\/cgt-bfc.fr\/wp-content\/uploads\/2016\/11\/3669_36691.png","jetpack_sharing_enabled":true,"_links":{"self":[{"href":"https:\/\/cgt-bfc.fr\/index.php\/wp-json\/wp\/v2\/posts\/781","targetHints":{"allow":["GET"]}}],"collection":[{"href":"https:\/\/cgt-bfc.fr\/index.php\/wp-json\/wp\/v2\/posts"}],"about":[{"href":"https:\/\/cgt-bfc.fr\/index.php\/wp-json\/wp\/v2\/types\/post"}],"author":[{"embeddable":true,"href":"https:\/\/cgt-bfc.fr\/index.php\/wp-json\/wp\/v2\/users\/1"}],"replies":[{"embeddable":true,"href":"https:\/\/cgt-bfc.fr\/index.php\/wp-json\/wp\/v2\/comments?post=781"}],"version-history":[{"count":4,"href":"https:\/\/cgt-bfc.fr\/index.php\/wp-json\/wp\/v2\/posts\/781\/revisions"}],"predecessor-version":[{"id":789,"href":"https:\/\/cgt-bfc.fr\/index.php\/wp-json\/wp\/v2\/posts\/781\/revisions\/789"}],"wp:featuredmedia":[{"embeddable":true,"href":"https:\/\/cgt-bfc.fr\/index.php\/wp-json\/wp\/v2\/media\/783"}],"wp:attachment":[{"href":"https:\/\/cgt-bfc.fr\/index.php\/wp-json\/wp\/v2\/media?parent=781"}],"wp:term":[{"taxonomy":"category","embeddable":true,"href":"https:\/\/cgt-bfc.fr\/index.php\/wp-json\/wp\/v2\/categories?post=781"},{"taxonomy":"post_tag","embeddable":true,"href":"https:\/\/cgt-bfc.fr\/index.php\/wp-json\/wp\/v2\/tags?post=781"}],"curies":[{"name":"wp","href":"https:\/\/api.w.org\/{rel}","templated":true}]}}