{"id":7880,"date":"2020-06-10T16:08:47","date_gmt":"2020-06-10T15:08:47","guid":{"rendered":"https:\/\/cgt-bfc.fr\/?p=7880"},"modified":"2021-04-19T10:24:43","modified_gmt":"2021-04-19T09:24:43","slug":"solidarite","status":"publish","type":"post","link":"https:\/\/cgt-bfc.fr\/index.php\/2020\/06\/10\/solidarite\/","title":{"rendered":"Solidarit\u00e9 !"},"content":{"rendered":"\n<figure class=\"wp-block-image size-large\"><img loading=\"lazy\" decoding=\"async\" width=\"906\" height=\"529\" src=\"https:\/\/cgt-bfc.fr\/wp-content\/uploads\/2020\/06\/solidarit\u00e9_00.png\" alt=\"\" class=\"wp-image-7903\"\/><\/figure>\n\n\n\n<p><strong>Le 16 juin dans chacun des huit d\u00e9partements les personnels de sant\u00e9 seront dans la rue.<\/strong><\/p>\n\n\n\n<p><a href=\"https:\/\/www.cgtservicespublics.fr\">un pr\u00e9avis de gr\u00e8ve <\/a>de la <strong>f\u00e9d\u00e9ration des services publics <\/strong>est d\u00e9pos\u00e9 .<\/p>\n\n\n\n<p>Besan\u00e7on : 14h00 sur la Place de la R\u00e9volution<\/p>\n\n\n\n<p>Montb\u00e9liard&nbsp;:l \u2019UL CGT du Pays de Montb\u00e9liard s\u2019associe au Syndicat CGT de l\u2019h\u00f4pital et \u00e0 l\u2019UD 90 pour participer \u00e0 l\u2019action du 16\/06\/2020 concernant l\u2019h\u00f4pital.<\/p>\n\n\n\n<p>Il s\u2019agit d\u2019une manifestation en voiture avec rendez-vous \u00e0 10h00 sur le parking de la f\u00eate foraine de Belfort (derri\u00e8re la maison du peuple) pour se rendre devant la permanence de l\u2019ARS puis l\u2019h\u00f4pital pour finir par un rassemblement (avec pique-nique et prise de parole) place Corbis \u00e0 Belfort.<\/p>\n\n\n\n<p>Chalon sur Sa\u00f4ne&nbsp;: 14H30 devant l\u2019H\u00f4pital<br>M\u00e2con&nbsp;: 14H devant l\u2019h\u00f4pital<br>Montceau les Mines&nbsp;: 14H15 devant l\u2019H\u00f4pital<br>Bourbon-Lancy&nbsp;:10H-12H devant l\u2019H\u00f4pital<br>Autun&nbsp;: 17H30 devant la Mairie<\/p>\n\n\n\n<p>Dijon : 14h00 place de la Lib\u00e9ration<br>Montbard : 16h30 place Gambetta<\/p>\n\n\n\n<p>Sens : 11h00 \u00e0 15h00 devant CH                                                                                                   Auxerre :13h30 \u00e0 15h00 devant le CH                                                                                                Joigny : 14h00 devant le CH appelle \u00e9galement \u00e0 un rassemblement au Hameau retraite all\u00e9e Pierre de Coubertin \u00e0 partir de 14h.<\/p>\n\n\n\n<p><\/p>\n\n\n\n<p>Beaune : 13h30 devant l\u2019H\u00f4pital<br>Seurre : 11h \u00e0 15h devant l\u2019h\u00f4pital<\/p>\n\n\n\n<p>Vesoul : 11 H \u00e0 14 H&nbsp;devant l\u2019H\u00f4pital<\/p>\n\n\n\n<p>Nevers : 14 h d\u00e9part de la pr\u00e9fecture<\/p>\n\n\n\n<p>Belfort : 10h place Robespierre<\/p>\n\n\n\n<p>Lons-le-Saunier&nbsp;: 17h00 devant la gare avec Tee-Shirt Blanc et de quoi faire du bruit (casserole, sifflets\u2026)<\/p>\n\n\n\n<p>Dole&nbsp;: 17h00 devant l\u2019h\u00f4pital avec Tee-Shirt Blanc et de quoi faire du bruit (casserole, sifflets\u2026)<\/p>\n\n\n\n<p>Saint-Claude&nbsp;: 18h00 Rassemblement dans la cour de l\u2019h\u00f4pital avec Tee-shirt blanc et de quoi faire du bruit &nbsp;&nbsp;&nbsp;&nbsp;(casserole, sifflets\u2026)<\/p>\n\n\n\n<figure class=\"wp-block-image size-large\"><img loading=\"lazy\" decoding=\"async\" width=\"596\" height=\"231\" src=\"https:\/\/cgt-bfc.fr\/wp-content\/uploads\/2020\/06\/image-3.png\" alt=\"\" class=\"wp-image-7914\"\/><\/figure>\n","protected":false},"excerpt":{"rendered":"<div class=\"mh-excerpt\"><p>Le 16 juin dans chacun des huit d\u00e9partements les personnels de sant\u00e9 seront dans la rue. un pr\u00e9avis de gr\u00e8ve de la f\u00e9d\u00e9ration des services <a class=\"mh-excerpt-more\" href=\"https:\/\/cgt-bfc.fr\/index.php\/2020\/06\/10\/solidarite\/\" title=\"Solidarit\u00e9 !\">[&#8230;]<\/a><\/p>\n<\/div>","protected":false},"author":1,"featured_media":7888,"comment_status":"open","ping_status":"open","sticky":false,"template":"","format":"standard","meta":{"_jetpack_memberships_contains_paid_content":false,"footnotes":""},"categories":[1,21,13,22],"tags":[],"class_list":["post-7880","post","type-post","status-publish","format-standard","has-post-thumbnail","hentry","category-actu","category-agent-du-siege","category-agents","category-agents-des-lycees"],"jetpack_featured_media_url":"https:\/\/cgt-bfc.fr\/wp-content\/uploads\/2020\/06\/IL_y_a_peu_.png","jetpack_sharing_enabled":true,"_links":{"self":[{"href":"https:\/\/cgt-bfc.fr\/index.php\/wp-json\/wp\/v2\/posts\/7880","targetHints":{"allow":["GET"]}}],"collection":[{"href":"https:\/\/cgt-bfc.fr\/index.php\/wp-json\/wp\/v2\/posts"}],"about":[{"href":"https:\/\/cgt-bfc.fr\/index.php\/wp-json\/wp\/v2\/types\/post"}],"author":[{"embeddable":true,"href":"https:\/\/cgt-bfc.fr\/index.php\/wp-json\/wp\/v2\/users\/1"}],"replies":[{"embeddable":true,"href":"https:\/\/cgt-bfc.fr\/index.php\/wp-json\/wp\/v2\/comments?post=7880"}],"version-history":[{"count":25,"href":"https:\/\/cgt-bfc.fr\/index.php\/wp-json\/wp\/v2\/posts\/7880\/revisions"}],"predecessor-version":[{"id":7920,"href":"https:\/\/cgt-bfc.fr\/index.php\/wp-json\/wp\/v2\/posts\/7880\/revisions\/7920"}],"wp:featuredmedia":[{"embeddable":true,"href":"https:\/\/cgt-bfc.fr\/index.php\/wp-json\/wp\/v2\/media\/7888"}],"wp:attachment":[{"href":"https:\/\/cgt-bfc.fr\/index.php\/wp-json\/wp\/v2\/media?parent=7880"}],"wp:term":[{"taxonomy":"category","embeddable":true,"href":"https:\/\/cgt-bfc.fr\/index.php\/wp-json\/wp\/v2\/categories?post=7880"},{"taxonomy":"post_tag","embeddable":true,"href":"https:\/\/cgt-bfc.fr\/index.php\/wp-json\/wp\/v2\/tags?post=7880"}],"curies":[{"name":"wp","href":"https:\/\/api.w.org\/{rel}","templated":true}]}}