{"id":791,"date":"2016-11-20T17:32:03","date_gmt":"2016-11-20T16:32:03","guid":{"rendered":"http:\/\/cgt-bfc.fr\/?p=791"},"modified":"2016-11-20T20:25:15","modified_gmt":"2016-11-20T19:25:15","slug":"decret-n-2016-1372-du-12-octobre-2016-modifiant","status":"publish","type":"post","link":"https:\/\/cgt-bfc.fr\/index.php\/2016\/11\/20\/decret-n-2016-1372-du-12-octobre-2016-modifiant\/","title":{"rendered":"D\u00e9cret n\u00b0 2016-1372 du 12 octobre 2016 modifiant"},"content":{"rendered":"<h3><strong>D\u00e9cret n\u00b0 2016-1372 du 12 octobre 2016 modifiant, pour la fonction publique territoriale, certains dispositions g\u00e9n\u00e9rales relatives aux fonctionnaires de cat\u00e9gorie C et divers statuts particuliers de cadres d&#8217;emplois de fonctionnaires de cat\u00e9gorie C et B<\/strong><\/h3>\n<p>&nbsp;<\/p>\n<h3>lire le d\u00e9cret dans son int\u00e9gralit\u00e9 : <a href=\"https:\/\/www.legifrance.gouv.fr\/eli\/decret\/2016\/10\/12\/ARCB1618894D\/jo\/texte\" target=\"_blank\">ICI<\/a><\/h3>\n<p>&nbsp;<\/p>\n<p>&nbsp;<\/p>\n<p>&nbsp;<\/p>\n","protected":false},"excerpt":{"rendered":"<div class=\"mh-excerpt\"><p>D\u00e9cret n\u00b0 2016-1372 du 12 octobre 2016 modifiant, pour la fonction publique territoriale, certains dispositions g\u00e9n\u00e9rales relatives aux fonctionnaires de cat\u00e9gorie C et divers statuts <a class=\"mh-excerpt-more\" href=\"https:\/\/cgt-bfc.fr\/index.php\/2016\/11\/20\/decret-n-2016-1372-du-12-octobre-2016-modifiant\/\" title=\"D\u00e9cret n\u00b0 2016-1372 du 12 octobre 2016 modifiant\">[&#8230;]<\/a><\/p>\n<\/div>","protected":false},"author":1,"featured_media":797,"comment_status":"open","ping_status":"open","sticky":false,"template":"","format":"standard","meta":{"_jetpack_memberships_contains_paid_content":false,"footnotes":""},"categories":[1,13],"tags":[],"class_list":["post-791","post","type-post","status-publish","format-standard","has-post-thumbnail","hentry","category-actu","category-agents"],"jetpack_featured_media_url":"https:\/\/cgt-bfc.fr\/wp-content\/uploads\/2016\/11\/fonction-publique.gif","jetpack_sharing_enabled":true,"_links":{"self":[{"href":"https:\/\/cgt-bfc.fr\/index.php\/wp-json\/wp\/v2\/posts\/791","targetHints":{"allow":["GET"]}}],"collection":[{"href":"https:\/\/cgt-bfc.fr\/index.php\/wp-json\/wp\/v2\/posts"}],"about":[{"href":"https:\/\/cgt-bfc.fr\/index.php\/wp-json\/wp\/v2\/types\/post"}],"author":[{"embeddable":true,"href":"https:\/\/cgt-bfc.fr\/index.php\/wp-json\/wp\/v2\/users\/1"}],"replies":[{"embeddable":true,"href":"https:\/\/cgt-bfc.fr\/index.php\/wp-json\/wp\/v2\/comments?post=791"}],"version-history":[{"count":4,"href":"https:\/\/cgt-bfc.fr\/index.php\/wp-json\/wp\/v2\/posts\/791\/revisions"}],"predecessor-version":[{"id":795,"href":"https:\/\/cgt-bfc.fr\/index.php\/wp-json\/wp\/v2\/posts\/791\/revisions\/795"}],"wp:featuredmedia":[{"embeddable":true,"href":"https:\/\/cgt-bfc.fr\/index.php\/wp-json\/wp\/v2\/media\/797"}],"wp:attachment":[{"href":"https:\/\/cgt-bfc.fr\/index.php\/wp-json\/wp\/v2\/media?parent=791"}],"wp:term":[{"taxonomy":"category","embeddable":true,"href":"https:\/\/cgt-bfc.fr\/index.php\/wp-json\/wp\/v2\/categories?post=791"},{"taxonomy":"post_tag","embeddable":true,"href":"https:\/\/cgt-bfc.fr\/index.php\/wp-json\/wp\/v2\/tags?post=791"}],"curies":[{"name":"wp","href":"https:\/\/api.w.org\/{rel}","templated":true}]}}