{"id":816,"date":"2016-11-28T11:45:13","date_gmt":"2016-11-28T10:45:13","guid":{"rendered":"http:\/\/cgt-bfc.fr\/?p=816"},"modified":"2016-11-28T14:49:59","modified_gmt":"2016-11-28T13:49:59","slug":"preavis-de-greve-de-0-h-a-24-h-le-mardi-29-novembre-2016","status":"publish","type":"post","link":"https:\/\/cgt-bfc.fr\/index.php\/2016\/11\/28\/preavis-de-greve-de-0-h-a-24-h-le-mardi-29-novembre-2016\/","title":{"rendered":"Pr\u00e9avis de gr\u00e8ve de 0 h \u00e0 24 h le mardi 29 novembre 2016"},"content":{"rendered":"<p class=\"t pg-1m0 pg-1x4 pg-1h4 pg-1y6 pg-1ff1 pg-1fs1 pg-1fc1 pg-1sc0 pg-1ls0 pg-1ws0\" style=\"text-align: center;\">Mme Annick Girardin<\/p>\n<p class=\"t pg-1m0 pg-1x4 pg-1h4 pg-1y7 pg-1ff1 pg-1fs1 pg-1fc1 pg-1sc0 pg-1ls0 pg-1ws0\" style=\"text-align: center;\">Ministre de la Fonction publique<\/p>\n<p class=\"t pg-1m0 pg-1x4 pg-1h4 pg-1y8 pg-1ff1 pg-1fs1 pg-1fc1 pg-1sc0 pg-1ls0 pg-1ws0\" style=\"text-align: center;\">80, rue de Lille<\/p>\n<p class=\"t pg-1m0 pg-1x4 pg-1h4 pg-1y9 pg-1ff1 pg-1fs1 pg-1fc1 pg-1sc0 pg-1ls0 pg-1ws0\" style=\"text-align: center;\">75007 PARIS<\/p>\n<p class=\"t pg-1m0 pg-1x4 pg-1h4 pg-1yb pg-1ff1 pg-1fs1 pg-1fc1 pg-1sc0 pg-1ls0 pg-1ws0\" style=\"text-align: center;\">M. Jean-Michel Baylet<\/p>\n<p class=\"t pg-1m0 pg-1x4 pg-1h4 pg-1yc pg-1ff2 pg-1fs1 pg-1fc1 pg-1sc0 pg-1ls0 pg-1ws0\" style=\"text-align: center;\">Ministre de l\u2019<span class=\"pg-1ff1\">Am\u00e9nagement du territoire, de la <span class=\"pg-1ls1\">Ru<\/span>ralit\u00e9 <\/span><\/p>\n<p class=\"t pg-1m0 pg-1x4 pg-1h4 pg-1yd pg-1ff1 pg-1fs1 pg-1fc1 pg-1sc0 pg-1ls0 pg-1ws0\" style=\"text-align: center;\">et des Collectivit\u00e9s territoriales<\/p>\n<p class=\"t pg-1m0 pg-1x4 pg-1h4 pg-1ye pg-1ff1 pg-1fs1 pg-1fc1 pg-1sc0 pg-1ls0 pg-1ws0\" style=\"text-align: center;\">H\u00f4tel de Castries<\/p>\n<p class=\"t pg-1m0 pg-1x4 pg-1h4 pg-1yf pg-1ff1 pg-1fs1 pg-1fc1 pg-1sc0 pg-1ls0 pg-1ws0\" style=\"text-align: center;\">72, rue de Varenne<\/p>\n<p class=\"t pg-1m0 pg-1x4 pg-1h4 pg-1y10 pg-1ff1 pg-1fs1 pg-1fc1 pg-1sc0 pg-1ls0 pg-1ws0\" style=\"text-align: center;\">75007 PAR<\/p>\n<div class=\"t pg-1m0 pg-1x5 pg-1h4 pg-1y1c pg-1ff1 pg-1fs1 pg-1fc1 pg-1sc0 pg-1ls0 pg-1ws0\">Madame la Ministre, Monsieur le Ministre,<\/div>\n<div class=\"t pg-1m0 pg-1x5 pg-1h4 pg-1y1d pg-1ff1 pg-1fs1 pg-1fc1 pg-1sc0 pg-1ls0 pg-1ws0\"><\/div>\n<div class=\"t pg-1m0 pg-1x5 pg-1h4 pg-1y1e pg-1ff1 pg-1fs1 pg-1fc1 pg-1sc0 pg-1ls0 pg-1ws0\">Le 26 octobre dernier, les organisations syndicales de la Fonction publique CGT, FAFP, FSU et<\/div>\n<div class=\"t pg-1m0 pg-1x5 pg-1h4 pg-1y1f pg-1ff1 pg-1fs1 pg-1fc1 pg-1sc0 pg-1ls0 pg-1ws0\">Solidaires ont appel\u00e9 \u00e0 une journ\u00e9e de mobilisation dans les trois versants de la Fonction publique<\/div>\n<div class=\"t pg-1m0 pg-1x5 pg-1h4 pg-1y20 pg-1ff1 pg-1fs1 pg-1fc1 pg-1sc0 pg-1ls0 pg-1ws0\">le mardi 29 novembre 2016<\/div>\n<div class=\"t pg-1m0 pg-1x5 pg-1h4 pg-1y20 pg-1ff1 pg-1fs1 pg-1fc1 pg-1sc0 pg-1ls0 pg-1ws0\"><a href=\"http:\/\/cgt-bfc.fr\/\/wp-content\/media\/pdf\/preavis_29_nov_16_modifie_site_fb.pdf\">lire le pr\u00e9avis : Ici<\/a><\/div>\n<div class=\"t pg-1m0 pg-1x5 pg-1h4 pg-1y20 pg-1ff1 pg-1fs1 pg-1fc1 pg-1sc0 pg-1ls0 pg-1ws0\"><\/div>\n<div class=\"t pg-1m0 pg-1x5 pg-1h4 pg-1y20 pg-1ff1 pg-1fs1 pg-1fc1 pg-1sc0 pg-1ls0 pg-1ws0\"><\/div>\n<div class=\"t pg-1m0 pg-1x5 pg-1h4 pg-1y20 pg-1ff1 pg-1fs1 pg-1fc1 pg-1sc0 pg-1ls0 pg-1ws0\"><\/div>\n<div class=\"t pg-1m0 pg-1x5 pg-1h4 pg-1y20 pg-1ff1 pg-1fs1 pg-1fc1 pg-1sc0 pg-1ls0 pg-1ws0\"><\/div>\n","protected":false},"excerpt":{"rendered":"<div class=\"mh-excerpt\"><p>Mme Annick Girardin Ministre de la Fonction publique 80, rue de Lille 75007 PARIS M. Jean-Michel Baylet Ministre de l\u2019Am\u00e9nagement du territoire, de la Ruralit\u00e9 <a class=\"mh-excerpt-more\" href=\"https:\/\/cgt-bfc.fr\/index.php\/2016\/11\/28\/preavis-de-greve-de-0-h-a-24-h-le-mardi-29-novembre-2016\/\" title=\"Pr\u00e9avis de gr\u00e8ve de 0 h \u00e0 24 h le mardi 29 novembre 2016\">[&#8230;]<\/a><\/p>\n<\/div>","protected":false},"author":1,"featured_media":828,"comment_status":"open","ping_status":"open","sticky":false,"template":"","format":"standard","meta":{"_jetpack_memberships_contains_paid_content":false,"footnotes":""},"categories":[1,21,22],"tags":[],"class_list":["post-816","post","type-post","status-publish","format-standard","has-post-thumbnail","hentry","category-actu","category-agent-du-siege","category-agents-des-lycees"],"jetpack_featured_media_url":"https:\/\/cgt-bfc.fr\/wp-content\/uploads\/2016\/11\/29.png","jetpack_sharing_enabled":true,"_links":{"self":[{"href":"https:\/\/cgt-bfc.fr\/index.php\/wp-json\/wp\/v2\/posts\/816","targetHints":{"allow":["GET"]}}],"collection":[{"href":"https:\/\/cgt-bfc.fr\/index.php\/wp-json\/wp\/v2\/posts"}],"about":[{"href":"https:\/\/cgt-bfc.fr\/index.php\/wp-json\/wp\/v2\/types\/post"}],"author":[{"embeddable":true,"href":"https:\/\/cgt-bfc.fr\/index.php\/wp-json\/wp\/v2\/users\/1"}],"replies":[{"embeddable":true,"href":"https:\/\/cgt-bfc.fr\/index.php\/wp-json\/wp\/v2\/comments?post=816"}],"version-history":[{"count":5,"href":"https:\/\/cgt-bfc.fr\/index.php\/wp-json\/wp\/v2\/posts\/816\/revisions"}],"predecessor-version":[{"id":829,"href":"https:\/\/cgt-bfc.fr\/index.php\/wp-json\/wp\/v2\/posts\/816\/revisions\/829"}],"wp:featuredmedia":[{"embeddable":true,"href":"https:\/\/cgt-bfc.fr\/index.php\/wp-json\/wp\/v2\/media\/828"}],"wp:attachment":[{"href":"https:\/\/cgt-bfc.fr\/index.php\/wp-json\/wp\/v2\/media?parent=816"}],"wp:term":[{"taxonomy":"category","embeddable":true,"href":"https:\/\/cgt-bfc.fr\/index.php\/wp-json\/wp\/v2\/categories?post=816"},{"taxonomy":"post_tag","embeddable":true,"href":"https:\/\/cgt-bfc.fr\/index.php\/wp-json\/wp\/v2\/tags?post=816"}],"curies":[{"name":"wp","href":"https:\/\/api.w.org\/{rel}","templated":true}]}}