{"id":8209,"date":"2020-09-27T07:29:12","date_gmt":"2020-09-27T06:29:12","guid":{"rendered":"https:\/\/cgt-bfc.fr\/?p=8209"},"modified":"2021-04-19T10:28:14","modified_gmt":"2021-04-19T09:28:14","slug":"teste-covid","status":"publish","type":"post","link":"https:\/\/cgt-bfc.fr\/index.php\/2020\/09\/27\/teste-covid\/","title":{"rendered":"Test\u00e9 Covid agent des lyc\u00e9es"},"content":{"rendered":"\n<p>Au cours du CHSCT du 29 septembre, des informations d\u00e9taill\u00e9es sur les mesures prises pour assurer la sant\u00e9 et la s\u00e9curit\u00e9 des agents de la collectivit\u00e9 seront pr\u00e9sent\u00e9es.<\/p>\n\n\n\n<p><strong>Cas de Covid&nbsp;: proc\u00e9dures \u00e0 connaitre<\/strong><\/p>\n\n\n\n<figure class=\"wp-block-image size-large\"><img loading=\"lazy\" decoding=\"async\" width=\"1024\" height=\"427\" src=\"https:\/\/cgt-bfc.fr\/wp-content\/uploads\/2020\/09\/que_faire.png\" alt=\"\" class=\"wp-image-8214\"\/><\/figure>\n\n\n\n<h3 class=\"wp-block-heading\"><strong>Je suis test\u00e9 positif,ce que je fais imm\u00e9diatement<\/strong><br><\/h3>\n\n\n\n<p>Je m\u2019isole,<br>J\u2019informe mon \u00e9tablissement et la DRH,<br>J\u2019indique au m\u00e9decin traitant, l\u2019ARS ou la CPAM les personnes ayant \u00e9t\u00e9 en contact direct avec moi.<br><strong>Situation administrative en attendant ma gu\u00e9rison<\/strong><br>Je suis en arr\u00eat de travail.<br><strong>Justificatif(s) \u00e0 transmettre<\/strong><br>L\u2019arr\u00eat de travail.<br><strong>A l\u2019issue de ma p\u00e9riode d\u2019isolement<\/strong><br>Je retourne au travail apr\u00e8s minimum 7 jours si je n\u2019ai pas eu de sympt\u00f4mes.<\/p>\n\n\n\n<h3 class=\"wp-block-heading\">J\u2019ai des sympt\u00f4mes <a href=\"https:\/\/www.gouvernement.fr\/info-coronavirus\/comprendre-la-covid-19\">(toux, fi\u00e8vre,\u2026)<\/a><\/h3>\n\n\n\n<p>Ce que je fais imm\u00e9diatement<br>Je m\u2019isole,<br>J\u2019informe mon \u00e9tablissement et la DRH,<br>Je me fais tester.<br><strong>Situation administrative en attendant le r\u00e9sultat du test<\/strong><br>Je suis en Autorisation sp\u00e9ciale d\u2019absence (ASA).<br><strong>Justificatif(s) \u00e0 transmettre<\/strong><br>Aucun<\/p>\n\n\n\n<p><strong>Si le test est positif <\/strong>,voir plus haut \u00ab\u00a0test\u00e9 positif\u00a0\u00bb.<\/p>\n\n\n\n<p><br><strong>Si le test est n\u00e9gatif.<br><\/strong>Si je ne vis pas avec une personne contamin\u00e9e, je retourne au travail,<br>Si je vis avec une personne contamin\u00e9e, je m\u2019isole pendant 7 jours apr\u00e8s le test avant de faire \u00e0 nouveau tester et de retourner au travail en cas de r\u00e9sultat n\u00e9gatif.<\/p>\n\n\n\n<h3 class=\"wp-block-heading\">Je suis une personne contact direct.<\/h3>\n\n\n\n<p>Personne ayant eu un contact rapproch\u00e9 sans mesures de protection efficace (c\u2019est-\u00e0-dire sans masque, m\u00eame s\u00e9par\u00e9 par un \u00e9cran de protection) avec une personne test\u00e9e positive. Exemples :<br><strong>Ayant partag\u00e9 le m\u00eame lieu de vie ;<\/strong><br><strong>Ayant eu un contact direct en face \u00e0 face<\/strong>, \u00e0 moins d\u20191 m\u00e8tre, quelle que soit la dur\u00e9e (conversation, repas, accolades, embrassades) ;<br><strong>Ayant prodigu\u00e9 ou re\u00e7u des actes d\u2019hygi\u00e8ne ou de soins<\/strong> ;<br><strong>Ayant partag\u00e9 un espace confin\u00e9<\/strong> (bureau ou salle de r\u00e9union, v\u00e9hicule personnel \u2026) pendant au moins 15 minutes avec un cas ou \u00e9tant rest\u00e9 en face \u00e0 face avec un cas durant plusieurs \u00e9pisodes de toux ou d\u2019\u00e9ternuement ;\u00e9l\u00e8ve ou enseignant de la m\u00eame classe scolaire (maternelle, primaire, secondaire, groupe de travaux dirig\u00e9s \u00e0 l\u2019universit\u00e9).<br><span class=\"has-inline-color has-vivid-red-color\">Un agent ayant crois\u00e9 une personne infect\u00e9e de mani\u00e8re fugace dans l\u2019espace public ne rentre pas dans cette d\u00e9finition.<\/span><br><strong>Ce que je fais imm\u00e9diatement<\/strong><br>Je m\u2019isole<br>J\u2019informe mon \u00e9tablissement et la DRH<br>Test<br>Si je vis avec la personne contamin\u00e9e, je me fais tester imm\u00e9diatement<br>Si je ne vis pas avec la personne contamin\u00e9e, et en l\u2019absence de sympt\u00f4mes (toux, fi\u00e8vre,\u2026), je m\u2019isole pendant 7 jours apr\u00e8s le dernier contact avec cette personne, avant de me faire tester.<br><strong>Situation administrative en attendant le r\u00e9sultat du test et\/ou la fin de mon isolement<\/strong><br>Je suis en Autorisation sp\u00e9ciale d\u2019absence (ASA).<br><strong>Justificatif(s) \u00e0 transmettre<\/strong><br>Aucun<\/p>\n\n\n\n<h3 class=\"wp-block-heading\">La structure d\u2019accueil de mon enfant est ferm\u00e9e ou refuse de l\u2019accueillir \u00e0 cause du Covid-19<\/h3>\n\n\n\n<p>Concerne les enfants de moins de 16 ans et tous les enfants handicap\u00e9s<br>Structures d\u2019accueil : cr\u00e8ches, assistantes maternelles, \u00e9coles, coll\u00e8ge, institut sp\u00e9cialis\u00e9s<\/p>\n\n\n\n<p>Ce que je fais imm\u00e9diatement<br><strong>J\u2019informe mon \u00e9tablissement et la DRH<\/strong><br>Test<br>Je fais tester mon enfant si la structure le demande.<br><strong>Si son test est positif :<\/strong><br>Je deviens une personne contact direct. Situation d\u00e9crite plus haut <br><strong>Situation administrative<\/strong><br>Je suis en Autorisation sp\u00e9ciale d\u2019absence (ASA). Celles-ci ne s\u2019imputent pas sur le contingent habituel d\u2019autorisation sp\u00e9ciale d\u2019absence pour<br>garde d\u2019enfants.<br><strong>Justificatif(s) \u00e0 transmettre<\/strong><br>Un justificatif sera demand\u00e9. Il peut \u00eatre diff\u00e9rent en fonction de la situation (justificatif de l\u2019\u00e9tablissement attestant que l\u2019enfant ne peut \u00eatre<br>accueilli, attestation de l\u2019assurance maladie que l\u2019enfant est consid\u00e9r\u00e9 comme cas contact direct, certificat m\u00e9dical du m\u00e9decin).<br>Une attestation certifiant que l\u2019employeur du conjoint ne peut b\u00e9n\u00e9ficier de la mesure pour les jours concern\u00e9s (cette mesure ne peut b\u00e9n\u00e9ficier<br>qu\u2019\u00e0 un des deux parents \u00e0 la fois).<br><br><em>En cas d\u2019ASA suite \u00e0 une maladie hors Covid de votre enfant, la proc\u00e9dure habituelle s\u2019appliquera \u00e0 savoir une demande d\u2019absence avec justificatif (ASA garde d\u2019enfant).<\/em><\/p>\n\n\n\n<h4 class=\"wp-block-heading\"><a href=\"http:\/\/cgt-bfc.fr\/\/wp-content\/media\/pdf\/covid_19\/27_09_20_covid_19___pour_les_agents_des_lycees.pdf\">Proc\u00e9dures selon diff\u00e9rentes situations li\u00e9es au Covid-19 pour les agents des lyc\u00e9es<\/a><\/h4>\n\n\n\n<h4 class=\"wp-block-heading\"><strong>Nous appliquerons ce d\u00e9cret \u00e0 compter du 1<sup>er<\/sup>\u00a0octobre.<\/strong><br><\/h4>\n\n\n\n<figure class=\"wp-block-image size-large\"><img loading=\"lazy\" decoding=\"async\" width=\"1024\" height=\"279\" src=\"https:\/\/cgt-bfc.fr\/wp-content\/uploads\/2020\/09\/image-7-1024x279.png\" alt=\"\" class=\"wp-image-8303\" srcset=\"https:\/\/cgt-bfc.fr\/wp-content\/uploads\/2020\/09\/image-7-1024x279.png 1024w, https:\/\/cgt-bfc.fr\/wp-content\/uploads\/2020\/09\/image-7.png 1378w\" sizes=\"auto, (max-width: 1024px) 100vw, 1024px\" \/><\/figure>\n\n\n\n<p><strong>D\u00e9finition des personnes vuln\u00e9rables<br><\/strong>Le d\u00e9cret n\u00b0 2020-1098 du 29 ao\u00fbt 2020 a modifi\u00e9 de fa\u00e7on importante les crit\u00e8res de reconnaissance de ce statut.<br>Seules les pathologies suivantes seront prises en compte pour \u00eatre reconnu.e vuln\u00e9rable&nbsp;:<\/p>\n\n\n\n<ul class=\"wp-block-list\"><li>Etre atteint de cancer \u00e9volutif sous traitement (hors hormonoth\u00e9rapie) ;<\/li><li>Etre atteint d&rsquo;une immunod\u00e9pression cong\u00e9nitale ou acquise&nbsp;:<br>&#8211; m\u00e9dicamenteuse : chimioth\u00e9rapie anticanc\u00e9reuse, traitement immunosuppresseur, bioth\u00e9rapie et\/ou corticoth\u00e9rapie \u00e0 dose immunosuppressive ;<br>&#8211; infection \u00e0 VIH non contr\u00f4l\u00e9e ou avec des CD4 &lt; 200\/mm3 ;<br>&#8211; cons\u00e9cutive \u00e0 une greffe d&rsquo;organe solide ou de cellules souches h\u00e9matopo\u00ef\u00e9tiques ; li\u00e9e \u00e0 une h\u00e9mopathie maligne en cours de traitement ;<\/li><li>Etre \u00e2g\u00e9 de 65 ans ou plus et avoir un diab\u00e8te associ\u00e9 \u00e0 une ob\u00e9sit\u00e9 ou des complications micro ou macrovasculaires ;<\/li><li>Etre dialys\u00e9 ou pr\u00e9senter une insuffisance r\u00e9nale chronique s\u00e9v\u00e8re.<\/li><\/ul>\n","protected":false},"excerpt":{"rendered":"<div class=\"mh-excerpt\"><p>Au cours du CHSCT du 29 septembre, des informations d\u00e9taill\u00e9es sur les mesures prises pour assurer la sant\u00e9 et la s\u00e9curit\u00e9 des agents de la <a class=\"mh-excerpt-more\" href=\"https:\/\/cgt-bfc.fr\/index.php\/2020\/09\/27\/teste-covid\/\" title=\"Test\u00e9 Covid agent des lyc\u00e9es\">[&#8230;]<\/a><\/p>\n<\/div>","protected":false},"author":1,"featured_media":8213,"comment_status":"open","ping_status":"open","sticky":false,"template":"","format":"standard","meta":{"_jetpack_memberships_contains_paid_content":false,"footnotes":""},"categories":[1,21,13,29],"tags":[],"class_list":["post-8209","post","type-post","status-publish","format-standard","has-post-thumbnail","hentry","category-actu","category-agent-du-siege","category-agents","category-covid-19"],"jetpack_featured_media_url":"https:\/\/cgt-bfc.fr\/wp-content\/uploads\/2020\/09\/6f976b2a82_50163425_test-covid-19-myriamb-adobe-stock.jpg","jetpack_sharing_enabled":true,"_links":{"self":[{"href":"https:\/\/cgt-bfc.fr\/index.php\/wp-json\/wp\/v2\/posts\/8209","targetHints":{"allow":["GET"]}}],"collection":[{"href":"https:\/\/cgt-bfc.fr\/index.php\/wp-json\/wp\/v2\/posts"}],"about":[{"href":"https:\/\/cgt-bfc.fr\/index.php\/wp-json\/wp\/v2\/types\/post"}],"author":[{"embeddable":true,"href":"https:\/\/cgt-bfc.fr\/index.php\/wp-json\/wp\/v2\/users\/1"}],"replies":[{"embeddable":true,"href":"https:\/\/cgt-bfc.fr\/index.php\/wp-json\/wp\/v2\/comments?post=8209"}],"version-history":[{"count":23,"href":"https:\/\/cgt-bfc.fr\/index.php\/wp-json\/wp\/v2\/posts\/8209\/revisions"}],"predecessor-version":[{"id":8306,"href":"https:\/\/cgt-bfc.fr\/index.php\/wp-json\/wp\/v2\/posts\/8209\/revisions\/8306"}],"wp:featuredmedia":[{"embeddable":true,"href":"https:\/\/cgt-bfc.fr\/index.php\/wp-json\/wp\/v2\/media\/8213"}],"wp:attachment":[{"href":"https:\/\/cgt-bfc.fr\/index.php\/wp-json\/wp\/v2\/media?parent=8209"}],"wp:term":[{"taxonomy":"category","embeddable":true,"href":"https:\/\/cgt-bfc.fr\/index.php\/wp-json\/wp\/v2\/categories?post=8209"},{"taxonomy":"post_tag","embeddable":true,"href":"https:\/\/cgt-bfc.fr\/index.php\/wp-json\/wp\/v2\/tags?post=8209"}],"curies":[{"name":"wp","href":"https:\/\/api.w.org\/{rel}","templated":true}]}}