{"id":8467,"date":"2020-10-25T15:55:01","date_gmt":"2020-10-25T14:55:01","guid":{"rendered":"https:\/\/cgt-bfc.fr\/?p=8467"},"modified":"2020-12-08T21:50:23","modified_gmt":"2020-12-08T20:50:23","slug":"retour-aux-criteres-de-vulnerabilite-issu-du-decret-du-5-mai-2020","status":"publish","type":"post","link":"https:\/\/cgt-bfc.fr\/index.php\/2020\/10\/25\/retour-aux-criteres-de-vulnerabilite-issu-du-decret-du-5-mai-2020\/","title":{"rendered":"Retour aux crit\u00e8res de vuln\u00e9rabilit\u00e9 issu du d\u00e9cret du 5 mai 2020"},"content":{"rendered":"\n<p>Entre le 1er mai et le 29 ao\u00fbt 2020, les salari\u00e9s vuln\u00e9rables ou vivant avec une personne vuln\u00e9rable, qui ne pouvaient pas t\u00e9l\u00e9-travailler, ont pu, avec un certificat m\u00e9dical d\u2019isolement, b\u00e9n\u00e9ficier du placement en activit\u00e9 partielle, pour le secteur priv\u00e9 ou \u00eatre plac\u00e9s en autorisation sp\u00e9ciale d\u2019absence (ASA), pour le secteur public.<\/p>\n\n\n\n<p>Cependant, ce dispositif protecteur avait ensuite \u00e9t\u00e9 remis en cause par un d\u00e9cret du 29 ao\u00fbt 2020 pour le secteur priv\u00e9. Pour la Fonction publique, le Minist\u00e8re avait \u00e9galement annonc\u00e9 la fin des ASA aux organisations syndicales et une circulaire pour la fonction publique d\u2019Etat avait \u00e9t\u00e9 diffus\u00e9e.<\/p>\n\n\n\n<p>Ce d\u00e9cret avait non seulement mis fin au dispositif protecteur pour les salari\u00e9.e.s vivant avec une personne vuln\u00e9rable mais aussi avait consid\u00e9rablement r\u00e9duit les crit\u00e8res de vuln\u00e9rabilit\u00e9 .<\/p>\n\n\n\n<p><strong>Suite \u00e0 un recours en r\u00e9f\u00e9r\u00e9, le Conseil d\u2019\u00c9tat a suspendu le 15 octobre 2020 <\/strong>(<a href=\"https:\/\/www.conseil-etat.fr\/actualites\/actualites\/suspension-des-nouveaux-criteres-de-vulnerabilite-au-covid-19-ouvrant-droit-au-chomage-partiel\">n\u00b0444425<\/a>) plusieurs articles de ce d\u00e9cret, en consid\u00e9rant que le gouvernement n\u2019a pas suffisamment justifi\u00e9e cette restriction des crit\u00e8res qui conduisait \u00e0 exclure certaines pathologies tel que le diab\u00e8te ou l\u2019ob\u00e9sit\u00e9. <\/p>\n\n\n\n<p><strong>Sauf \u00e0 ce que le gouvernement reprenne un nouveau d\u00e9cret, cette censure du conseil d\u2019\u00c9tat permet un retour aux crit\u00e8res de vuln\u00e9rabilit\u00e9 issu du d\u00e9cret du 5 mai 2020 :<\/strong><\/p>\n\n\n\n<p>1\u00b0 Etre \u00e2g\u00e9 de 65 ans et plus ;<\/p>\n\n\n\n<p>2\u00b0 Avoir des ant\u00e9c\u00e9dents (ATCD) cardiovasculaires : hypertension art\u00e9rielle compliqu\u00e9e (avec complications cardiaques, r\u00e9nales et vasculo-c\u00e9r\u00e9brales), ATCD d&rsquo;accident vasculaire c\u00e9r\u00e9bral ou de coronaropathie, de chirurgie cardiaque, insuffisance cardiaque stade NYHA III ou IV ;<\/p>\n\n\n\n<p>3\u00b0 Avoir un diab\u00e8te non \u00e9quilibr\u00e9 ou pr\u00e9sentant des complications ;<\/p>\n\n\n\n<p>4\u00b0 Pr\u00e9senter une pathologie chronique respiratoire susceptible de d\u00e9compenser lors d&rsquo;une infection virale : (broncho pneumopathie obstructive, asthme s\u00e9v\u00e8re, fibrose pulmonaire, syndrome d&rsquo;apn\u00e9es du sommeil, mucoviscidose notamment) ;<\/p>\n\n\n\n<p>5\u00b0 Pr\u00e9senter une insuffisance r\u00e9nale chronique dialys\u00e9e ;<\/p>\n\n\n\n<p>6\u00b0 Etre atteint de cancer \u00e9volutif sous traitement (hors hormonoth\u00e9rapie) ;<\/p>\n\n\n\n<p>7\u00b0 Pr\u00e9senter une ob\u00e9sit\u00e9 (indice de masse corporelle (IMC) &gt; 30 kgm2) ;<\/p>\n\n\n\n<p>8\u00b0 Etre atteint d&rsquo;une immunod\u00e9pression cong\u00e9nitale ou acquise :<\/p>\n\n\n\n<p>m\u00e9dicamenteuse : chimioth\u00e9rapie anti canc\u00e9reuse, traitement immunosuppresseur, bioth\u00e9rapie et\/ou corticoth\u00e9rapie \u00e0 dose immunosuppressive ;<\/p>\n\n\n\n<p>infection \u00e0 VIH non contr\u00f4l\u00e9e ou avec des CD4 &lt; 200\/mm3 ;<\/p>\n\n\n\n<p>cons\u00e9cutive \u00e0 une greffe d&rsquo;organe solide ou de cellules souches h\u00e9matopo\u00ef\u00e9tiques ;<\/p>\n\n\n\n<p>li\u00e9e \u00e0 une h\u00e9mopathie maligne en cours de traitement ;<\/p>\n\n\n\n<p>9\u00b0 Etre atteint de cirrhose au stade B du score de Child Pugh au moins ;<\/p>\n\n\n\n<p>10\u00b0 Pr\u00e9senter un syndrome dr\u00e9panocytaire majeur ou ayant un ant\u00e9c\u00e9dent de spl\u00e9nectomie ;<\/p>\n\n\n\n<p>11\u00b0 Etre au troisi\u00e8me trimestre de la grossesse.<\/p>\n\n\n\n<h3 class=\"wp-block-heading\"><strong>En revanche, le Conseil d\u2019\u00c9tat ne revient pas sur la fin de la protection des salari\u00e9.e.s vivant avec une personne vuln\u00e9rable, ce qui est particuli\u00e8rement choquant quand on sait le nombre de contamination intra familiale.<\/strong><\/h3>\n","protected":false},"excerpt":{"rendered":"<div class=\"mh-excerpt\"><p>Entre le 1er mai et le 29 ao\u00fbt 2020, les salari\u00e9s vuln\u00e9rables ou vivant avec une personne vuln\u00e9rable, qui ne pouvaient pas t\u00e9l\u00e9-travailler, ont pu, <a class=\"mh-excerpt-more\" href=\"https:\/\/cgt-bfc.fr\/index.php\/2020\/10\/25\/retour-aux-criteres-de-vulnerabilite-issu-du-decret-du-5-mai-2020\/\" title=\"Retour aux crit\u00e8res de vuln\u00e9rabilit\u00e9 issu du d\u00e9cret du 5 mai 2020\">[&#8230;]<\/a><\/p>\n<\/div>","protected":false},"author":1,"featured_media":8471,"comment_status":"open","ping_status":"open","sticky":false,"template":"","format":"standard","meta":{"_jetpack_memberships_contains_paid_content":false,"footnotes":""},"categories":[1,29],"tags":[],"class_list":["post-8467","post","type-post","status-publish","format-standard","has-post-thumbnail","hentry","category-actu","category-covid-19"],"jetpack_featured_media_url":"https:\/\/cgt-bfc.fr\/wp-content\/uploads\/2020\/10\/flash_info_entete.jpg","jetpack_sharing_enabled":true,"_links":{"self":[{"href":"https:\/\/cgt-bfc.fr\/index.php\/wp-json\/wp\/v2\/posts\/8467","targetHints":{"allow":["GET"]}}],"collection":[{"href":"https:\/\/cgt-bfc.fr\/index.php\/wp-json\/wp\/v2\/posts"}],"about":[{"href":"https:\/\/cgt-bfc.fr\/index.php\/wp-json\/wp\/v2\/types\/post"}],"author":[{"embeddable":true,"href":"https:\/\/cgt-bfc.fr\/index.php\/wp-json\/wp\/v2\/users\/1"}],"replies":[{"embeddable":true,"href":"https:\/\/cgt-bfc.fr\/index.php\/wp-json\/wp\/v2\/comments?post=8467"}],"version-history":[{"count":14,"href":"https:\/\/cgt-bfc.fr\/index.php\/wp-json\/wp\/v2\/posts\/8467\/revisions"}],"predecessor-version":[{"id":8486,"href":"https:\/\/cgt-bfc.fr\/index.php\/wp-json\/wp\/v2\/posts\/8467\/revisions\/8486"}],"wp:featuredmedia":[{"embeddable":true,"href":"https:\/\/cgt-bfc.fr\/index.php\/wp-json\/wp\/v2\/media\/8471"}],"wp:attachment":[{"href":"https:\/\/cgt-bfc.fr\/index.php\/wp-json\/wp\/v2\/media?parent=8467"}],"wp:term":[{"taxonomy":"category","embeddable":true,"href":"https:\/\/cgt-bfc.fr\/index.php\/wp-json\/wp\/v2\/categories?post=8467"},{"taxonomy":"post_tag","embeddable":true,"href":"https:\/\/cgt-bfc.fr\/index.php\/wp-json\/wp\/v2\/tags?post=8467"}],"curies":[{"name":"wp","href":"https:\/\/api.w.org\/{rel}","templated":true}]}}