{"id":8549,"date":"2020-11-06T13:32:11","date_gmt":"2020-11-06T12:32:11","guid":{"rendered":"https:\/\/cgt-bfc.fr\/?p=8549"},"modified":"2020-12-08T21:51:01","modified_gmt":"2020-12-08T20:51:01","slug":"preavis-de-greve-intersyndical-fonction-publique-pour-le-10-novembre-2020","status":"publish","type":"post","link":"https:\/\/cgt-bfc.fr\/index.php\/2020\/11\/06\/preavis-de-greve-intersyndical-fonction-publique-pour-le-10-novembre-2020\/","title":{"rendered":"Pr\u00e9avis de gr\u00e8ve intersyndical fonction publique pour le 10 novembre 2020"},"content":{"rendered":"\n<p><strong>Communiqu\u00e9 CGT Fonction publique, FNEC FP FO, FSU, SNALC, SUD<\/strong><\/p>\n\n\n\n<p>Madame la Ministre,<\/p>\n\n\n\n<p>La situation sanitaire li\u00e9e \u00e0 la propagation de la pand\u00e9mie de la COVID-19 n\u00e9cessite une protection totale et compl\u00e8te de la sant\u00e9 des agent-es public-ques. Cette obligation r\u00e9glementaire est de la responsabilit\u00e9 des employeurs publics qui doivent prendre toutes les mesures n\u00e9cessaires pour assurer cette protection.<\/p>\n\n\n\n<p>Or nous ne pouvons que constater et regretter que ce ne soit pas toujours le cas.<\/p>\n\n\n\n<p>La situation actuelle n\u00e9cessite la pr\u00e9sence massive et urgente de personnels dans les \u00e9coles, coll\u00e8ges, lyc\u00e9es. C\u2019est pourquoi nous vous demandons de proc\u00e9der d\u00e8s \u00e0 pr\u00e9sent au recrutement de ces personnels, en particulier en ayant recours aux listes compl\u00e9mentaires des concours, et en r\u00e9abondant les listes compl\u00e9mentaires lorsque cela s\u2019av\u00e8re n\u00e9cessaire.<\/p>\n\n\n\n<p>Nous demandons donc des conditions sanitaires suffisantes. En particulier, les all\u00e8gements d\u2019effectifs demand\u00e9s par les \u00e9quipes \u00e9ducatives doivent \u00eatre mis en place.<\/p>\n\n\n\n<p>C\u2019est pourquoi la FSU, FO, la CGT Fonction Publique, le SNALC, SUD appellent l\u2019ensemble des personnels, titulaires et contractuels, \u00e0 faire gr\u00e8ve le mardi 10 novembre. En cons\u00e9quence, le pr\u00e9sent courrier vaut pr\u00e9avis de gr\u00e8ve pour la journ\u00e9e du 10 novembre 2020.<\/p>\n\n\n\n<p>Nous vous prions de croire, Madame la Ministre, en l\u2019expression de nos respectueuses salutations.<\/p>\n\n\n\n<p><a href=\"https:\/\/www.cgtservicespublics.fr\/IMG\/pdf\/2020.11.05_-pre_avis-intersyndical_fp_2_.pdf?26520\/cdcf2781a4d69cb6182f58a0c02d44e87a599dd4\">(Voir en pi\u00e8ce jointe ce pr\u00e9avis au format PDF)<\/a><\/p>\n\n\n\n<figure class=\"wp-block-image size-large\"><img loading=\"lazy\" decoding=\"async\" width=\"700\" height=\"480\" src=\"https:\/\/cgt-bfc.fr\/wp-content\/uploads\/2020\/11\/tous-ensemble-le10.png\" alt=\"\" class=\"wp-image-8566\"\/><\/figure>\n\n\n\n<figure class=\"wp-block-image size-large\"><img loading=\"lazy\" decoding=\"async\" width=\"988\" height=\"309\" src=\"https:\/\/cgt-bfc.fr\/wp-content\/uploads\/2020\/11\/image-1.png\" alt=\"\" class=\"wp-image-8585\"\/><\/figure>\n\n\n\n<p>La&nbsp;<strong>CGT des agents territoriaux de Besan\u00e7on&nbsp;<\/strong>alerte Madame la Maire de Besan\u00e7on depuis des semaines sur les conditions de travail des agents des \u00e9coles : Agents d&rsquo;entretien, Serveurs de restauration, Animateurs et Atsem.<br><br>Le&nbsp;<strong>syndicat CGT des agents du Conseil R\u00e9gional<\/strong>&nbsp;constate que dans nombre de lyc\u00e9es les agents sont litt\u00e9ralement d\u00e9bord\u00e9s de travail et sont dans l&rsquo;impossibilit\u00e9 mat\u00e9rielle d&rsquo;assurer la s\u00e9curit\u00e9 des usagers vis \u00e0 vis du danger sanitaire.<br><br>La&nbsp;<strong>CGT Educ&rsquo;Action<\/strong>&nbsp;d\u00e9noncent les conditions indignes de travail et le m\u00e9pris institutionnel auxquels sont confront\u00e9s les personnels de l&rsquo;Education Nationale: Enseignants, Administratifs, Surveillants, Encadrants d&rsquo;enfants porteur de handicap.<br><br>Tous ensemble,&nbsp;<strong>nous exigeons que l&rsquo;ensemble des \u00e9l\u00e8ves puissent \u00e9tudier en s\u00e9curit\u00e9 dans les \u00e9tablissements scolaires<\/strong>.<br><br>Face \u00e0 l&rsquo;amoncellement des t\u00e2ches amplifi\u00e9es par le stress du risque sanitaire, les agents sont aujourd&rsquo;hui \u00e9puis\u00e9s physiquement et moralement. La souffrance ressentie au travail est d&rsquo;autant plus cruelle aux agents qu&rsquo;elle leur semble ne pas avoir d&rsquo;issue.<br><br>Pour la CGT des agents territoriaux de Besan\u00e7on, le syndicat CGT des agents du Conseil R\u00e9gional et la CGT Educ&rsquo;Action,&nbsp;<strong>l&rsquo;urgence est \u00e0 un recrutement massif de personnels dans l&rsquo;ensemble de nos m\u00e9tiers et \u00e0 la fin des occupations de classes sans distanciation physique.<\/strong><br><br>La coupe est pleine !<br>Des solutions pourtant il y en a. Alors agissons, mobilisons-nous et faisons nous respecter avant qu&rsquo;il ne soit trop tard.<br><br><strong>Tous ensemble en gr\u00e8ve le mardi 10 novembre !<\/strong><\/p>\n\n\n\n<p>La\u00a0<strong>CGT des agents territoriaux de Besan\u00e7on\u00a0<\/strong>alerte Madame la Maire de Besan\u00e7on depuis des semaines sur les conditions de travail des agents des \u00e9coles : Agents d&rsquo;entretien, Serveurs de restauration, Animateurs et Atsem.<br><br>Le\u00a0<strong>syndicat CGT des agents du Conseil R\u00e9gional<\/strong>\u00a0constate que dans nombre de lyc\u00e9es les agents sont litt\u00e9ralement d\u00e9bord\u00e9s de travail et sont dans l&rsquo;impossibilit\u00e9 mat\u00e9rielle d&rsquo;assurer la s\u00e9curit\u00e9 des usagers vis \u00e0 vis du danger sanitaire.<br><br>La\u00a0<strong>CGT Educ&rsquo;Action<\/strong>\u00a0d\u00e9noncent les conditions indignes de travail et le m\u00e9pris institutionnel auxquels sont confront\u00e9s les personnels de l&rsquo;Education Nationale: Enseignants, Administratifs, Surveillants, Encadrants d&rsquo;enfants porteur de handicap.<br><br>Tous ensemble,\u00a0<strong>nous exigeons que l&rsquo;ensemble des \u00e9l\u00e8ves puissent \u00e9tudier en s\u00e9curit\u00e9 dans les \u00e9tablissements scolaires<\/strong>.<br><br>Face \u00e0 l&rsquo;amoncellement des t\u00e2ches amplifi\u00e9es par le stress du risque sanitaire, les agents sont aujourd&rsquo;hui \u00e9puis\u00e9s physiquement et moralement. La souffrance ressentie au travail est d&rsquo;autant plus cruelle aux agents qu&rsquo;elle leur semble ne pas avoir d&rsquo;issue.<br><br>Pour la CGT des agents territoriaux de Besan\u00e7on, le syndicat CGT des agents du Conseil R\u00e9gional et la CGT Educ&rsquo;Action,\u00a0<strong>l&rsquo;urgence est \u00e0 un recrutement massif de personnels dans l&rsquo;ensemble de nos m\u00e9tiers et \u00e0 la fin des occupations de classes sans distanciation physique.<\/strong><br><br><strong>La coupe est pleine !<br>Des solutions pourtant il y en a. Alors agissons, mobilisons-nous et faisons nous respecter avant qu&rsquo;il ne soit trop tard.<\/strong><\/p>\n\n\n\n<p><strong>L&rsquo;appel intersyndical : <a href=\"http:\/\/cgt-bfc.fr\/\/wp-content\/media\/pdf\/PREAVIS\/appel%20intersyndical%2010%20nov.pdf\">ICI<\/a><\/strong><br><br><\/p>\n","protected":false},"excerpt":{"rendered":"<div class=\"mh-excerpt\"><p>Communiqu\u00e9 CGT Fonction publique, FNEC FP FO, FSU, SNALC, SUD Madame la Ministre, La situation sanitaire li\u00e9e \u00e0 la propagation de la pand\u00e9mie de la <a class=\"mh-excerpt-more\" href=\"https:\/\/cgt-bfc.fr\/index.php\/2020\/11\/06\/preavis-de-greve-intersyndical-fonction-publique-pour-le-10-novembre-2020\/\" title=\"Pr\u00e9avis de gr\u00e8ve intersyndical fonction publique pour le 10 novembre 2020\">[&#8230;]<\/a><\/p>\n<\/div>","protected":false},"author":1,"featured_media":8557,"comment_status":"open","ping_status":"open","sticky":false,"template":"","format":"standard","meta":{"_jetpack_memberships_contains_paid_content":false,"footnotes":""},"categories":[1,13],"tags":[],"class_list":["post-8549","post","type-post","status-publish","format-standard","has-post-thumbnail","hentry","category-actu","category-agents"],"jetpack_featured_media_url":"https:\/\/cgt-bfc.fr\/wp-content\/uploads\/2020\/11\/Presse-papier02.jpg","jetpack_sharing_enabled":true,"_links":{"self":[{"href":"https:\/\/cgt-bfc.fr\/index.php\/wp-json\/wp\/v2\/posts\/8549","targetHints":{"allow":["GET"]}}],"collection":[{"href":"https:\/\/cgt-bfc.fr\/index.php\/wp-json\/wp\/v2\/posts"}],"about":[{"href":"https:\/\/cgt-bfc.fr\/index.php\/wp-json\/wp\/v2\/types\/post"}],"author":[{"embeddable":true,"href":"https:\/\/cgt-bfc.fr\/index.php\/wp-json\/wp\/v2\/users\/1"}],"replies":[{"embeddable":true,"href":"https:\/\/cgt-bfc.fr\/index.php\/wp-json\/wp\/v2\/comments?post=8549"}],"version-history":[{"count":9,"href":"https:\/\/cgt-bfc.fr\/index.php\/wp-json\/wp\/v2\/posts\/8549\/revisions"}],"predecessor-version":[{"id":8587,"href":"https:\/\/cgt-bfc.fr\/index.php\/wp-json\/wp\/v2\/posts\/8549\/revisions\/8587"}],"wp:featuredmedia":[{"embeddable":true,"href":"https:\/\/cgt-bfc.fr\/index.php\/wp-json\/wp\/v2\/media\/8557"}],"wp:attachment":[{"href":"https:\/\/cgt-bfc.fr\/index.php\/wp-json\/wp\/v2\/media?parent=8549"}],"wp:term":[{"taxonomy":"category","embeddable":true,"href":"https:\/\/cgt-bfc.fr\/index.php\/wp-json\/wp\/v2\/categories?post=8549"},{"taxonomy":"post_tag","embeddable":true,"href":"https:\/\/cgt-bfc.fr\/index.php\/wp-json\/wp\/v2\/tags?post=8549"}],"curies":[{"name":"wp","href":"https:\/\/api.w.org\/{rel}","templated":true}]}}