{"id":8617,"date":"2020-11-12T21:28:52","date_gmt":"2020-11-12T20:28:52","guid":{"rendered":"https:\/\/cgt-bfc.fr\/?p=8617"},"modified":"2021-04-19T10:30:08","modified_gmt":"2021-04-19T09:30:08","slug":"coronavirus-a-quelles-primes-ont-droit-les-agents-publics","status":"publish","type":"post","link":"https:\/\/cgt-bfc.fr\/index.php\/2020\/11\/12\/coronavirus-a-quelles-primes-ont-droit-les-agents-publics\/","title":{"rendered":"Coronavirus : \u00e0 quelles primes ont droit les agents publics ?"},"content":{"rendered":"\n<h2 class=\"wp-block-heading\">Administration \/lyc\u00e9e,  la prime est pour tout le monde ou personne.<\/h2>\n\n\n\n<h2 class=\"has-text-align-center wp-block-heading\">Agents si\u00e8ge =Agent lyc\u00e9e <\/h2>\n\n\n\n<figure class=\"wp-block-image size-large\"><img loading=\"lazy\" decoding=\"async\" width=\"800\" height=\"462\" src=\"https:\/\/cgt-bfc.fr\/wp-content\/uploads\/2020\/11\/importancedesmissions00.png\" alt=\"\" class=\"wp-image-8631\"\/><\/figure>\n\n\n\n<h3 class=\"wp-block-heading\"><strong>Nous parlons de la prime \u00e9tat d&rsquo;urgence 1\u00b0 Vague .<\/strong><\/h3>\n\n\n\n<figure class=\"wp-block-image size-large\"><img loading=\"lazy\" decoding=\"async\" width=\"563\" height=\"662\" src=\"https:\/\/cgt-bfc.fr\/wp-content\/uploads\/2020\/11\/prime_1_vague.png\" alt=\"\" class=\"wp-image-8621\"\/><\/figure>\n\n\n\n<blockquote class=\"wp-block-quote is-layout-flow wp-block-quote-is-layout-flow\"><p><strong>Patience et longueur de temps font plus que force ni que rage<\/strong><\/p><cite><a href=\"https:\/\/www.lafontaine.net\/lesFables\/afficheFable.php?id=34\">Jean-De-La Fontaine<\/a><\/cite><\/blockquote>\n\n\n\n<h2 class=\"wp-block-heading\">Le dossier est ouvert pour la 2\u00b0 Vague et pour les vagues suivantes avec \u00e9ventuellement la possibilit\u00e9 d&rsquo;une prime r\u00e9glementaire.<\/h2>\n\n\n\n<figure class=\"wp-block-image size-large\"><a href=\"https:\/\/www.vie-publique.fr\/loi\/276818-loi-prolongation-etat-urgence-sanitaire-16-fevrier-2021-crise-sanitaire\"><img loading=\"lazy\" decoding=\"async\" width=\"937\" height=\"673\" src=\"https:\/\/cgt-bfc.fr\/wp-content\/uploads\/2020\/11\/image-2.png\" alt=\"\" class=\"wp-image-8628\"\/><\/a><\/figure>\n\n\n\n<h2 class=\"wp-block-heading\">R\u00e8glements pour 2021 des heures suppl\u00e9mentaires covid protocole sanitaire renforc\u00e9.<\/h2>\n\n\n\n<figure class=\"wp-block-image size-large is-style-rounded\"><img loading=\"lazy\" decoding=\"async\" width=\"709\" height=\"349\" src=\"https:\/\/cgt-bfc.fr\/wp-content\/uploads\/2020\/11\/heures_sup.jpg\" alt=\"\" class=\"wp-image-8633\"\/><\/figure>\n","protected":false},"excerpt":{"rendered":"<div class=\"mh-excerpt\"><p>Administration \/lyc\u00e9e, la prime est pour tout le monde ou personne. Agents si\u00e8ge =Agent lyc\u00e9e Nous parlons de la prime \u00e9tat d&rsquo;urgence 1\u00b0 Vague . <a class=\"mh-excerpt-more\" href=\"https:\/\/cgt-bfc.fr\/index.php\/2020\/11\/12\/coronavirus-a-quelles-primes-ont-droit-les-agents-publics\/\" title=\"Coronavirus : \u00e0 quelles primes ont droit les agents publics ?\">[&#8230;]<\/a><\/p>\n<\/div>","protected":false},"author":1,"featured_media":8618,"comment_status":"open","ping_status":"open","sticky":false,"template":"","format":"standard","meta":{"_jetpack_memberships_contains_paid_content":false,"footnotes":""},"categories":[1,21,13,22,29],"tags":[],"class_list":["post-8617","post","type-post","status-publish","format-standard","has-post-thumbnail","hentry","category-actu","category-agent-du-siege","category-agents","category-agents-des-lycees","category-covid-19"],"jetpack_featured_media_url":"https:\/\/cgt-bfc.fr\/wp-content\/uploads\/2020\/11\/bonus_covid.png","jetpack_sharing_enabled":true,"_links":{"self":[{"href":"https:\/\/cgt-bfc.fr\/index.php\/wp-json\/wp\/v2\/posts\/8617","targetHints":{"allow":["GET"]}}],"collection":[{"href":"https:\/\/cgt-bfc.fr\/index.php\/wp-json\/wp\/v2\/posts"}],"about":[{"href":"https:\/\/cgt-bfc.fr\/index.php\/wp-json\/wp\/v2\/types\/post"}],"author":[{"embeddable":true,"href":"https:\/\/cgt-bfc.fr\/index.php\/wp-json\/wp\/v2\/users\/1"}],"replies":[{"embeddable":true,"href":"https:\/\/cgt-bfc.fr\/index.php\/wp-json\/wp\/v2\/comments?post=8617"}],"version-history":[{"count":19,"href":"https:\/\/cgt-bfc.fr\/index.php\/wp-json\/wp\/v2\/posts\/8617\/revisions"}],"predecessor-version":[{"id":8649,"href":"https:\/\/cgt-bfc.fr\/index.php\/wp-json\/wp\/v2\/posts\/8617\/revisions\/8649"}],"wp:featuredmedia":[{"embeddable":true,"href":"https:\/\/cgt-bfc.fr\/index.php\/wp-json\/wp\/v2\/media\/8618"}],"wp:attachment":[{"href":"https:\/\/cgt-bfc.fr\/index.php\/wp-json\/wp\/v2\/media?parent=8617"}],"wp:term":[{"taxonomy":"category","embeddable":true,"href":"https:\/\/cgt-bfc.fr\/index.php\/wp-json\/wp\/v2\/categories?post=8617"},{"taxonomy":"post_tag","embeddable":true,"href":"https:\/\/cgt-bfc.fr\/index.php\/wp-json\/wp\/v2\/tags?post=8617"}],"curies":[{"name":"wp","href":"https:\/\/api.w.org\/{rel}","templated":true}]}}