{"id":9005,"date":"2021-01-04T11:40:08","date_gmt":"2021-01-04T10:40:08","guid":{"rendered":"https:\/\/cgt-bfc.fr\/?p=9005"},"modified":"2021-06-13T17:46:49","modified_gmt":"2021-06-13T16:46:49","slug":"meilleux-voeux","status":"publish","type":"post","link":"https:\/\/cgt-bfc.fr\/index.php\/2021\/01\/04\/meilleux-voeux\/","title":{"rendered":"Meilleurs V\u0153ux"},"content":{"rendered":"\n<h3 class=\"wp-block-heading\">Une nouvelle ann\u00e9e qui d\u00e9bute dans des conditions toujours tr\u00e8s difficiles .<\/h3>\n\n\n\n<p>Nous n\u2019avons que peu de visuel sur ce qui va arriver avec cette variante\u00a0\u00bbCovid\u00a0\u00bb qui ne va pas nous \u00e9pargner.<\/p>\n\n\n\n<p>Plus que jamais faites nous remonter toutes les anomalies que vous pouvez constater dans vos services et \u00e9tablissements.<\/p>\n\n\n\n<p>L\u2019ann\u00e9e 2021 sera une ann\u00e9e difficile de tous points de vue ,sanitaire comme sociale,mais sachez que la CGT du conseil r\u00e9gional d\u00e9fendra comme toujours vos int\u00e9r\u00eats individuels et ceux du collectif.<\/p>\n\n\n\n<p>Nous continuerons \u00e0 venir dans les \u00e9tablissements r\u00e9pondre \u00e0 vos questions et vous apportez un maximum d\u2019informations ,ces heures d\u2019informations sont <a href=\"http:\/\/cgt-bfc.fr\/\/wp-content\/media\/CHSCT\/Pages%20de%20F497.pdf\">un droit<\/a>.<\/p>\n\n\n\n<figure class=\"wp-block-image size-large\"><img loading=\"lazy\" decoding=\"async\" width=\"1024\" height=\"739\" src=\"https:\/\/cgt-bfc.fr\/wp-content\/uploads\/2021\/01\/image-1024x739.png\" alt=\"\" class=\"wp-image-9012\" srcset=\"https:\/\/cgt-bfc.fr\/wp-content\/uploads\/2021\/01\/image-1024x739.png 1024w, https:\/\/cgt-bfc.fr\/wp-content\/uploads\/2021\/01\/image.png 1288w\" sizes=\"auto, (max-width: 1024px) 100vw, 1024px\" \/><\/figure>\n","protected":false},"excerpt":{"rendered":"<div class=\"mh-excerpt\"><p>Une nouvelle ann\u00e9e qui d\u00e9bute dans des conditions toujours tr\u00e8s difficiles . Nous n\u2019avons que peu de visuel sur ce qui va arriver avec cette <a class=\"mh-excerpt-more\" href=\"https:\/\/cgt-bfc.fr\/index.php\/2021\/01\/04\/meilleux-voeux\/\" title=\"Meilleurs V\u0153ux\">[&#8230;]<\/a><\/p>\n<\/div>","protected":false},"author":1,"featured_media":9007,"comment_status":"open","ping_status":"open","sticky":false,"template":"","format":"standard","meta":{"_jetpack_memberships_contains_paid_content":false,"footnotes":""},"categories":[1,21,13,22],"tags":[],"class_list":["post-9005","post","type-post","status-publish","format-standard","has-post-thumbnail","hentry","category-actu","category-agent-du-siege","category-agents","category-agents-des-lycees"],"jetpack_featured_media_url":"https:\/\/cgt-bfc.fr\/wp-content\/uploads\/2021\/01\/tampon-meilleurs-voeux.png","jetpack_sharing_enabled":true,"_links":{"self":[{"href":"https:\/\/cgt-bfc.fr\/index.php\/wp-json\/wp\/v2\/posts\/9005","targetHints":{"allow":["GET"]}}],"collection":[{"href":"https:\/\/cgt-bfc.fr\/index.php\/wp-json\/wp\/v2\/posts"}],"about":[{"href":"https:\/\/cgt-bfc.fr\/index.php\/wp-json\/wp\/v2\/types\/post"}],"author":[{"embeddable":true,"href":"https:\/\/cgt-bfc.fr\/index.php\/wp-json\/wp\/v2\/users\/1"}],"replies":[{"embeddable":true,"href":"https:\/\/cgt-bfc.fr\/index.php\/wp-json\/wp\/v2\/comments?post=9005"}],"version-history":[{"count":8,"href":"https:\/\/cgt-bfc.fr\/index.php\/wp-json\/wp\/v2\/posts\/9005\/revisions"}],"predecessor-version":[{"id":9031,"href":"https:\/\/cgt-bfc.fr\/index.php\/wp-json\/wp\/v2\/posts\/9005\/revisions\/9031"}],"wp:featuredmedia":[{"embeddable":true,"href":"https:\/\/cgt-bfc.fr\/index.php\/wp-json\/wp\/v2\/media\/9007"}],"wp:attachment":[{"href":"https:\/\/cgt-bfc.fr\/index.php\/wp-json\/wp\/v2\/media?parent=9005"}],"wp:term":[{"taxonomy":"category","embeddable":true,"href":"https:\/\/cgt-bfc.fr\/index.php\/wp-json\/wp\/v2\/categories?post=9005"},{"taxonomy":"post_tag","embeddable":true,"href":"https:\/\/cgt-bfc.fr\/index.php\/wp-json\/wp\/v2\/tags?post=9005"}],"curies":[{"name":"wp","href":"https:\/\/api.w.org\/{rel}","templated":true}]}}