{"id":9067,"date":"2021-01-21T08:13:32","date_gmt":"2021-01-21T07:13:32","guid":{"rendered":"https:\/\/cgt-bfc.fr\/?p=9067"},"modified":"2021-03-24T17:32:41","modified_gmt":"2021-03-24T16:32:41","slug":"premier-cds-de-lannee-2021","status":"publish","type":"post","link":"https:\/\/cgt-bfc.fr\/index.php\/2021\/01\/21\/premier-cds-de-lannee-2021\/","title":{"rendered":"Premier CDS de l&rsquo;ann\u00e9e 2021"},"content":{"rendered":"\n<h3 class=\"has-text-align-center wp-block-heading\">+2 au si\u00e8ge \/ + 31 dans les EPLE<\/h3>\n\n\n\n<figure class=\"wp-block-image size-large\"><img loading=\"lazy\" decoding=\"async\" width=\"792\" height=\"458\" src=\"https:\/\/cgt-bfc.fr\/wp-content\/uploads\/2021\/01\/213_agents-1.png\" alt=\"\" class=\"wp-image-9120\"\/><\/figure>\n\n\n\n<p>D\u00e9ploiement de l\u2019offre de tests<\/p>\n\n\n\n<p>Le minist\u00e8re de l\u2019\u00c9ducation nationale a mis en place un protocole de <strong>\u00ab\u00a0contact tracing\u00a0\u00bb <\/strong>: d\u00e8s l\u2019apparition d\u2019un cas confirm\u00e9, parmi les personnels ou les \u00e9l\u00e8ves en milieu scolaire, l\u2019ensemble des cas contacts \u00e0 risque sont mis \u00e0 l\u2019isolement et ne peuvent revenir dans l\u2019\u00e9tablissement qu\u2019apr\u00e8s la r\u00e9alisation d\u2019un test n\u00e9gatif.<\/p>\n\n\n\n<p>Ces cas contacts \u00e0 risque identifi\u00e9s doivent imp\u00e9rativement quitter les \u00e9tablissements scolaires, s\u2019isoler et r\u00e9aliser les tests hors des \u00e9tablissements scolaires.Le d\u00e9ploiement des tests antig\u00e9niques vise \u00e0 offrir aux autres personnels et \u00e9l\u00e8ves la possibilit\u00e9 de r\u00e9aliser un test antig\u00e9nique s\u2019ils le souhaitent dans ou \u00e0 proximit\u00e9 imm\u00e9diate de l\u2019\u00e9cole ou de l\u2019\u00e9tablissement. Ce d\u00e9ploiement doit compl\u00e9ter le \u00ab\u00a0contact tracing\u00a0\u00bb pour identifier, dans les meilleurs d\u00e9lais, d\u2019\u00e9ventuels cas positifs au-del\u00e0 des contacts \u00e0 risque.<\/p>\n\n\n\n<p>L\u2019instruction du 16 novembre 2020 ne reposait pas sur une politique de test syst\u00e9matique, mais sur une offre compl\u00e9mentaire \u00e0 l\u2019offre \u00ab\u00a0de ville\u00a0\u00bb dans les zones de circulation intense du virus pour les seuls personnels. Dans l\u2019acad\u00e9mie, l&rsquo;offre compl\u00e9mentaire de tests antig\u00e9niques \u00e9tait ouverte aux agents.<\/p>\n\n\n\n<p>Gestion-d-un-cas-covid-(<strong>Cliquez sur l&rsquo;image pour le pdf<\/strong>)<\/p>\n\n\n\n<figure class=\"wp-block-image size-large\"><a href=\"http:\/\/cgt-bfc.fr\/\/wp-content\/media\/CHSCT\/fiche-12-gestion-d-un-cas-covid-68778.pdf\"><img loading=\"lazy\" decoding=\"async\" width=\"669\" height=\"946\" src=\"https:\/\/cgt-bfc.fr\/wp-content\/uploads\/2021\/01\/image-1.png\" alt=\"\" class=\"wp-image-9072\"\/><\/a><\/figure>\n\n\n\n<h3 class=\"wp-block-heading\">Cette mise en place est \u00e9largie dans les conditions suivantes :<\/h3>\n\n\n\n<p>L\u2019offre de test doit \u00eatre syst\u00e9matiquement d\u00e9ploy\u00e9e en compl\u00e9ment du contact-tracing : d\u00e8s l\u2019apparition de <strong>3 cas confirm\u00e9s <\/strong>dans une \u00e9cole ou un \u00e9tablissement <strong>sur une p\u00e9riode de 7 jours<\/strong>, tous les personnels ainsi que les lyc\u00e9ens qui ne sont pas cas contact \u00e0 risque se verront syst\u00e9matiquement proposer, dans un d\u00e9lai maximum de 48h apr\u00e8s la d\u00e9tection des cas, la possibilit\u00e9 de r\u00e9aliser un test antig\u00e9nique.<\/p>\n\n\n\n<p>Afin de renforcer la surveillance du milieu scolaire, les op\u00e9rations de test seront d\u00e9ploy\u00e9es de mani\u00e8re prioritaire (au b\u00e9n\u00e9fice des personnels, des lyc\u00e9ens et des coll\u00e9giens) dans les \u00e9tablissements situ\u00e9s dans des zones o\u00f9 le virus circule activement, d\u00e8s l\u2019apparition d\u2019un cas confirm\u00e9 parmi les personnels ou les \u00e9l\u00e8ves. En lien avec le directeur g\u00e9n\u00e9ral de l&rsquo;ARS, Ces zones prioritaires sont d\u00e9termin\u00e9es par le <strong>Recteur en lien avec l\u2019ARS<\/strong>.<\/p>\n\n\n\n<figure class=\"wp-block-image size-large\"><img loading=\"lazy\" decoding=\"async\" width=\"729\" height=\"486\" src=\"https:\/\/cgt-bfc.fr\/wp-content\/uploads\/2021\/01\/trois-nouveaux-variants-apparus-monde_0.png\" alt=\"\" class=\"wp-image-9086\"\/><\/figure>\n\n\n\n<p>Dans le cadre de la strat\u00e9gie de ma\u00eetrise de la diffusion des variants du virus, sur avis de l&rsquo;ARS, des campagnes de test syst\u00e9matiques antig\u00e9niques ou RT-PCR seront mises en place en cas de suspicion de pr\u00e9sence d\u2019un variant parmi les personnels et les \u00e9l\u00e8ves ou les proches de ces derniers.<\/p>\n\n\n\n<p><strong>Renforcement du protocole applicable \u00e0 la restauration scolaire :<\/strong><\/p>\n\n\n\n<p>Interdiction du brassage entre classes dans le premier degr\u00e9,<\/p>\n\n\n\n<p>Interdiction des offres alimentaires en vrac,<\/p>\n\n\n\n<p>Sensibilisation \u00e0 l\u2019utilisation d\u2019autres locaux en cas d\u2019impossibilit\u00e9 d\u2019appliquer le protocole.<\/p>\n\n\n\n<p>Mise en place des mesures suivantes renforc\u00e9es (salles des f\u00eates, gymnases\u2026) :pr\u00e9conisation &nbsp;de &nbsp;surveillance &nbsp;de &nbsp;l\u2019air &nbsp;int\u00e9rieur &nbsp;par &nbsp;capteurs &nbsp;de &nbsp;\u00ab\u00a0CO2\u00a0\u00bb &nbsp;sur &nbsp;initiative &nbsp;des collectivit\u00e9s de rattachement,<\/p>\n\n\n\n<p>Pr\u00e9conisation de d\u00e9sinfection des tables apr\u00e8s chaque repas si possible,<\/p>\n\n\n\n<p>Mise en place de paniers repas (en alternance avec des repas chauds \u00e0 la cantine) si la configuration des locaux ne permet pas de respecter ces r\u00e8gles.<\/p>\n\n\n\n<p><span class=\"has-inline-color has-vivid-red-color\"><strong>Les adaptations n\u00e9cessaires devront \u00eatre apport\u00e9es en vue d\u2019une mise en \u0153uvre effective au plus tard le lundi 25 janvier 2021.<\/strong><\/span><\/p>\n\n\n\n<h3 class=\"wp-block-heading\">Nouvelles r\u00e8gles d\u2019auto-isolement des agents territoriaux symptomatiques<\/h3>\n\n\n\n<p>La <strong>DGCL a publi\u00e9 &nbsp;le 12 janvier <\/strong>une note sur la mise en \u0153uvre du d\u00e9cret supprimant provisoirement le jour de carence dans la fonction publique, sur les modalit\u00e9s de prise en charge des agents \u00ab\u00a0cas contact\u00a0\u00bb et de ceux infect\u00e9s par le Covid-19. Elle fait suite \u00e0 la suspension du jour de carence entr\u00e9e en vigueur le 10 janvier 2021. Les agents qui pr\u00e9sentent des sympt\u00f4mes sont invit\u00e9s \u00e0 s\u2019auto-isoler au plus vite. La note pr\u00e9cise aussi la proc\u00e9dure de reprise du travail en cas de r\u00e9sultat n\u00e9gatif.<\/p>\n\n\n\n<p>Une circulaire similaire a \u00e9t\u00e9 diffus\u00e9e le m\u00eame jour par la DGAFP aupr\u00e8s des minist\u00e8res.(<a href=\"http:\/\/cgt-bfc.fr\/\/wp-content\/media\/CHSCT\/LagazetteAD.fr%20.pdf\">le pdf gazette des communes<\/a>)<\/p>\n\n\n\n<p>Le d\u00e9cret n\u00b0 2021-15 du 8 janvier 2021 suspend cette retenue sur salaire pour les agents en cong\u00e9 maladie en raison du Covid-19, entre le 10 janvier et le 31 mars 2021.<\/p>\n\n\n\n<h3 class=\"wp-block-heading\">T\u00e9l\u00e9travail ou ASA Pour les cas CONTACT<\/h3>\n\n\n\n<p>Les agents territoriaux identifi\u00e9s comme \u00ab\u00a0cas contact \u00e0 risque de contamination\u00a0\u00bb, doivent \u00eatre plac\u00e9s en t\u00e9l\u00e9travail ou \u00e0 d\u00e9faut en ASA pendant la dur\u00e9e n\u00e9cessaire de l\u2019isolement telle que d\u00e9finie par l\u2019Assurance maladie. Ces derniers doivent remettre \u00e0 leur employeur le document transmis par les \u00e9quipes du <a href=\"https:\/\/www.ameli.fr\/assure\/covid-19\/tester-alerter-proteger-comprendre-la-strategie-pour-stopper-lepidemie\/contact-tracing-arreter-les-chaines-de-transmission#:~:text=Ces%20mesures%20permettent%20de%20concentrer,confi\u00e9e%20\u00e0%20l%27Assurance%20Maladie.\">\u00ab\u00a0contact tracing\u00a0\u00bb de l\u2019Assurance maladie.<\/a><\/p>\n\n\n\n<p><img loading=\"lazy\" decoding=\"async\" width=\"763\" height=\"39\" src=\"\">ISOLEMENT EN CAS DE SYMPT\u00d4MES:Un agent pr\u00e9sentant des sympt\u00f4mes d\u2019infection est invit\u00e9 \u00e0 s\u2019isoler sans d\u00e9lai dans l\u2019attente des r\u00e9sultats d\u2019un test de d\u00e9tection\u00a0\u00bb.<\/p>\n\n\n\n<p>Il doit effectuer une d\u00e9claration en ligne sur la plateforme de la<a href=\"https:\/\/www.ameli.fr\/assure\/covid-19\"> Cnam<\/a> et s\u2019engager \u00e0 effectuer dans les deux jours un <strong>test RT-PCR<\/strong> ou d\u00e9tection antig\u00e9nique, si un agent ne r\u00e9alise pas de test apr\u00e8s s\u2019\u00eatre d\u00e9clar\u00e9 symptomatique, l\u2019ASA devra \u00eatre requalifi\u00e9e en absence injustifi\u00e9e.<\/p>\n\n\n\n<div class=\"wp-block-image\"><figure class=\"aligncenter size-large is-resized\"><img loading=\"lazy\" decoding=\"async\" src=\"https:\/\/cgt-bfc.fr\/wp-content\/uploads\/2021\/01\/covid19-tests-fiabilite-1024x683.jpg\" alt=\"\" class=\"wp-image-9096\" width=\"227\" height=\"150\" srcset=\"https:\/\/cgt-bfc.fr\/wp-content\/uploads\/2021\/01\/covid19-tests-fiabilite-1024x683.jpg 1024w, https:\/\/cgt-bfc.fr\/wp-content\/uploads\/2021\/01\/covid19-tests-fiabilite-1536x1024.jpg 1536w, https:\/\/cgt-bfc.fr\/wp-content\/uploads\/2021\/01\/covid19-tests-fiabilite.jpg 1920w\" sizes=\"auto, (max-width: 227px) 100vw, 227px\" \/><\/figure><\/div>\n\n\n\n<h3 class=\"wp-block-heading\">Reprise du travail.<\/h3>\n\n\n\n<p>Si le <strong>test est n\u00e9gatif et si \u00ab\u00a0son \u00e9tat de sant\u00e9 est compatible avec la reprise d\u2019activit\u00e9\u00a0\u00bb, <\/strong>l\u2019agent peut reprendre ses fonctions <strong>d\u00e8s le lendemain<\/strong> de la r\u00e9ception des r\u00e9sultats. S\u2019il pr\u00e9sente toujours des sympt\u00f4mes l\u2019emp\u00eachant d\u2019exercer ses fonctions, il est invit\u00e9 \u00e0 consulter un m\u00e9decin et \u00e0 adresser \u00e0 son employeur un arr\u00eat de travail dans les conditions de droit commun.<\/p>\n\n\n\n<h3 class=\"wp-block-heading\">Nouvelles r\u00e8gles de vaccination des agents vuln\u00e9rables<\/h3>\n\n\n\n<p><img loading=\"lazy\" decoding=\"async\" width=\"764\" height=\"40\" src=\"\">Le 1er ministre, dans son allocution t\u00e9l\u00e9visuelle du 14 janvier, a pr\u00e9sent\u00e9 la strat\u00e9gie d\u2019acc\u00e9l\u00e9rer la vaccination des personnes les plus vuln\u00e9rables.<\/p>\n\n\n\n<p>Quelque soit leur \u00e2ge, les agents ayant une pathologie qui les expose \u00e0 un tr\u00e8s haut risque face \u00e0 la covid-19, pourront b\u00e9n\u00e9ficier de la vaccination \u00e0 compter du lundi 18 janvier.<\/p>\n\n\n\n<figure class=\"wp-block-image size-large\"><img loading=\"lazy\" decoding=\"async\" width=\"1024\" height=\"373\" src=\"https:\/\/cgt-bfc.fr\/wp-content\/uploads\/2021\/01\/image-2-1024x373.png\" alt=\"\" class=\"wp-image-9106\" srcset=\"https:\/\/cgt-bfc.fr\/wp-content\/uploads\/2021\/01\/image-2-1024x373.png 1024w, https:\/\/cgt-bfc.fr\/wp-content\/uploads\/2021\/01\/image-2.png 1529w\" sizes=\"auto, (max-width: 1024px) 100vw, 1024px\" \/><\/figure>\n\n\n\n<p><\/p>\n\n\n\n<p>Un mail personnalis\u00e9 va \u00eatre envoy\u00e9 \u00e0 tous les agents s\u2019\u00e9tant d\u00e9clar\u00e9s vuln\u00e9rables depuis mars 2019, pour leur rappeler les modalit\u00e9s de vaccination.<\/p>\n\n\n\n<p>Les agents ayant les formes les plus graves de vuln\u00e9rabilit\u00e9 au Covid-19, doivent d\u2019abord<strong> consulter leur m\u00e9decin<\/strong> pour la d\u00e9livrance d\u2019une ordonnance, avant de se faire vacciner.<\/p>\n\n\n\n<p>Ils peuvent consulter le centre de vaccination le plus proche d\u00e8s \u00e0 pr\u00e9sent :<\/p>\n\n\n\n<p>consulter le site <a href=\"http:\/\/www.sante.fr\/\">www.sante.fr <\/a>pour avoir les informations,<\/p>\n\n\n\n<p>appeler le num\u00e9ro vert national 0800 009 110. Cette plateforme est accessible tous les jours de 6 h \u00e0 22 heures.<\/p>\n\n\n\n<p>Il leur faudra prendre rendez-vous, puis sans doute patienter un peu avant que la vaccination puisse \u00eatre effective. Ce dispositif mettra entre 3 et 4 mois.<\/p>\n\n\n\n<p><strong>Livraison des masques jusqu&rsquo;\u00e0 la fin de l\u2019ann\u00e9e scolaire pour les agents des lyc\u00e9es aucuns risques de ruptures de stock.<\/strong><\/p>\n\n\n\n<p>Fin de semaine 3&nbsp; livraison lyc\u00e9es Dijon, Besan\u00e7on<\/p>\n\n\n\n<p>Fin de semaine 4&nbsp; livraison lyc\u00e9es du Doubs,C\u00f4te d\u2019or<\/p>\n\n\n\n<p>Fin de semaine&nbsp; 4 et 5&nbsp; livraison lyc\u00e9es dans tous les autres d\u00e9partements .<\/p>\n\n\n\n<p>La r\u00e9gion examine&nbsp; la situation suite <a href=\"https:\/\/www.hcsp.fr\/explore.cgi\/avisrapportsdomaine?clefr=943#:~:text=Le%20HCSP%20recommande%20le%20port,collectifs%20notamment%20pour%20les%20professionnels.\">aux recommandations du HCSP la possibilit\u00e9 pour les masques tissus cat\u00e9gorie 1 .<\/a><\/p>\n\n\n\n<h3 class=\"wp-block-heading\">Formation \/ information au risque covid des encadrants et Assistants de pr\u00e9vention<\/h3>\n\n\n\n<p><strong>Une sensibilisation concernant la gestion du risque COVID va \u00eatre r\u00e9alis\u00e9e \u00e0 l\u2019ensemble des encadrants de proximit\u00e9 et des assistants de pr\u00e9vention des EPLE et du CREPS, le 29 janvier 2021.<\/strong><\/p>\n\n\n\n<p><img loading=\"lazy\" decoding=\"async\" width=\"764\" height=\"39\" src=\"\">Cette sensibilisation r\u00e9alis\u00e9e par l\u2019Association Interprofessionnelle de Sant\u00e9 au travail de C\u00f4te d\u2019Or en lien avec le service Pr\u00e9vention et Conditions de Travail de la R\u00e9gion a pour objectif le rappel :<\/p>\n\n\n\n<p>des mesures d\u2019hygi\u00e8ne,des protocoles en vigueur,des mesures organisationnelles \u00e0 mettre en place pour \u00e9viter la propagation du virus,<\/p>\n\n\n\n<p>des points de vigilance\u2026<\/p>\n\n\n\n<p>Cette pr\u00e9sentation en webinaire fera ensuite l\u2019objet d\u2019un \u00e9change sous forme de questions \/ r\u00e9ponses, lesquelles auront pu \u00eatre transmises en amont.<\/p>\n\n\n\n<p><strong><span class=\"has-inline-color has-vivid-red-color\">L\u2019ensemble des proviseurs et gestionnaires sera inform\u00e9 de cette sensibilisation par mail.<\/span><\/strong><\/p>\n\n\n\n<p>Les encadrants de proximit\u00e9 et des assistants de pr\u00e9vention recevront un message contenant le lien de la r\u00e9union.<\/p>\n\n\n\n<p><\/p>\n\n\n\n<p><strong>Divers:<\/strong><\/p>\n\n\n\n<p>Plan de mobilit\u00e9 Site VIOTTE \u2013 Besan\u00e7on : Enqu\u00eate anonyme pr\u00e9alable sur les habitudes de d\u00e9placements des agents<\/p>\n\n\n\n<p>Le questionnaire sera bient\u00f4t envoy\u00e9.<a href=\"http:\/\/cgt-bfc.fr\/\/wp-content\/media\/CHSCT\/Site_VIOTTE.pdf\">(lire la suite )<\/a><\/p>\n","protected":false},"excerpt":{"rendered":"<div class=\"mh-excerpt\"><p>+2 au si\u00e8ge \/ + 31 dans les EPLE D\u00e9ploiement de l\u2019offre de tests Le minist\u00e8re de l\u2019\u00c9ducation nationale a mis en place un protocole <a class=\"mh-excerpt-more\" href=\"https:\/\/cgt-bfc.fr\/index.php\/2021\/01\/21\/premier-cds-de-lannee-2021\/\" title=\"Premier CDS de l&rsquo;ann\u00e9e 2021\">[&#8230;]<\/a><\/p>\n<\/div>","protected":false},"author":1,"featured_media":8959,"comment_status":"open","ping_status":"open","sticky":false,"template":"","format":"standard","meta":{"_jetpack_memberships_contains_paid_content":false,"footnotes":""},"categories":[1,21,13,22],"tags":[],"class_list":["post-9067","post","type-post","status-publish","format-standard","has-post-thumbnail","hentry","category-actu","category-agent-du-siege","category-agents","category-agents-des-lycees"],"jetpack_featured_media_url":"https:\/\/cgt-bfc.fr\/wp-content\/uploads\/2020\/12\/Odre_du_jour.png","jetpack_sharing_enabled":true,"_links":{"self":[{"href":"https:\/\/cgt-bfc.fr\/index.php\/wp-json\/wp\/v2\/posts\/9067","targetHints":{"allow":["GET"]}}],"collection":[{"href":"https:\/\/cgt-bfc.fr\/index.php\/wp-json\/wp\/v2\/posts"}],"about":[{"href":"https:\/\/cgt-bfc.fr\/index.php\/wp-json\/wp\/v2\/types\/post"}],"author":[{"embeddable":true,"href":"https:\/\/cgt-bfc.fr\/index.php\/wp-json\/wp\/v2\/users\/1"}],"replies":[{"embeddable":true,"href":"https:\/\/cgt-bfc.fr\/index.php\/wp-json\/wp\/v2\/comments?post=9067"}],"version-history":[{"count":35,"href":"https:\/\/cgt-bfc.fr\/index.php\/wp-json\/wp\/v2\/posts\/9067\/revisions"}],"predecessor-version":[{"id":9121,"href":"https:\/\/cgt-bfc.fr\/index.php\/wp-json\/wp\/v2\/posts\/9067\/revisions\/9121"}],"wp:featuredmedia":[{"embeddable":true,"href":"https:\/\/cgt-bfc.fr\/index.php\/wp-json\/wp\/v2\/media\/8959"}],"wp:attachment":[{"href":"https:\/\/cgt-bfc.fr\/index.php\/wp-json\/wp\/v2\/media?parent=9067"}],"wp:term":[{"taxonomy":"category","embeddable":true,"href":"https:\/\/cgt-bfc.fr\/index.php\/wp-json\/wp\/v2\/categories?post=9067"},{"taxonomy":"post_tag","embeddable":true,"href":"https:\/\/cgt-bfc.fr\/index.php\/wp-json\/wp\/v2\/tags?post=9067"}],"curies":[{"name":"wp","href":"https:\/\/api.w.org\/{rel}","templated":true}]}}