{"id":9456,"date":"2021-03-22T17:43:53","date_gmt":"2021-03-22T16:43:53","guid":{"rendered":"https:\/\/cgt-bfc.fr\/?p=9456"},"modified":"2021-03-22T20:02:33","modified_gmt":"2021-03-22T19:02:33","slug":"comite-technique-du","status":"publish","type":"post","link":"https:\/\/cgt-bfc.fr\/index.php\/2021\/03\/22\/comite-technique-du\/","title":{"rendered":"Comit\u00e9 technique du"},"content":{"rendered":"\n<p><\/p>\n\n\n\n<p><\/p>\n\n\n\n<p><\/p>\n\n\n\n<p><\/p>\n\n\n\n<figure class=\"wp-block-image is-resized\"><img loading=\"lazy\" decoding=\"async\" src=\"https:\/\/www.datocms-assets.com\/17507\/1606814822-tableaux-de-bord-rh.jpg\" alt=\"Tableau de bord RH \u2713 indicateurs, \u00e9tapes, exemples | Appvizer\" width=\"424\" height=\"283\"\/><\/figure>\n\n\n\n<p><strong>Point n\u00b01 : <\/strong>(mise \u00e0 jour du tableau des effectifs)<\/p>\n\n\n\n<p>Ce point correspond \u00e0 la fois \u00e0 des cr\u00e9ations de postes jug\u00e9s n\u00e9cessaire, et la transformation de postes suite \u00e0 des avancement\/promotion d&rsquo;agents.<\/p>\n\n\n\n<p>La CGT a \u00e9mis un avis favorable, puisque cela correspond en partie \u00e0 ses revendications sur la cr\u00e9ation de poste (permettant une meilleur r\u00e9partition de la charge de travail, limitant les RPS) et sur les avancements\/promotions (levier d&rsquo;une meilleur reconnaissance du travail de chacun).Mais, la CGT a \u00e9mis une grande r\u00e9serve sur les contrats de projets qu&rsquo;elle consid\u00e8re comme une pr\u00e9carisation rampante des emplois au sein de la collectivit\u00e9, et une atteinte au statut protecteur des agents mais aussi des usagers des services publics.<\/p>\n\n\n\n<p><strong>Point n\u00b02 : <\/strong>r\u00e9organisation de la DRH<\/p>\n\n\n\n<p>La CGT a \u00e9mis un avis favorable en soulignant qu&rsquo;elle esp\u00e9rait que cette r\u00e9organisation am\u00e9liore les conditions de travail des coll\u00e8gues de la direction, r\u00e9duisant ainsi les risques RPS.<\/p>\n\n\n\n<figure class=\"wp-block-image is-resized\"><img loading=\"lazy\" decoding=\"async\" src=\"https:\/\/www.inside-management.com\/wp-content\/uploads\/systemes-information-.jpg\" alt=\"La direction des syst\u00e8mes d'information en management de transition\" width=\"426\" height=\"284\"\/><\/figure>\n\n\n\n<p><strong>Point n\u00b03 <\/strong>: r\u00e9organisation de la DSI.<\/p>\n\n\n\n<p>La CGT a \u00e9mis un avis favorable consciente &nbsp;des n\u00e9cessit\u00e9s d&rsquo;avoir au sein de notre collectivit\u00e9, une structure des syst\u00e8mes d&rsquo;informations en capacit\u00e9 de r\u00e9pondre aux besoins internes des agents, et de faire face aux risques num\u00e9riques ext\u00e9rieurs de plus en plus nombreux.<\/p>\n\n\n\n<figure class=\"wp-block-image is-resized\"><img loading=\"lazy\" decoding=\"async\" src=\"https:\/\/www.sara-antilles-guyane.com\/wp-content\/uploads\/2020\/03\/proposition-3-800x500.png\" alt=\"Index de l'\u00e9galit\u00e9 professionnelle de la SARA | SARA\" width=\"426\" height=\"266\"\/><\/figure>\n\n\n\n<figure class=\"wp-block-image is-resized\"><a href=\"https:\/\/www.fete-egalite.org\"><img loading=\"lazy\" decoding=\"async\" src=\"https:\/\/www.fete-egalite.org\/images\/2021\/01\/04\/fete-e1544525582109.png\" alt=\"ACCUEIL\" width=\"424\" height=\"161\"\/><\/a><\/figure>\n\n\n\n<p><strong>Point n\u00b04 : <\/strong>plan d&rsquo;action 202\/2023 \u00e9galit\u00e9 professionnelle femmes\/ hommes<\/p>\n\n\n\n<p>que dire sinon que la CGT se f\u00e9licite que la R\u00e9gion ait int\u00e9gr\u00e9 dans sa r\u00e9flexion l&rsquo;association FETE sp\u00e9cialis\u00e9e dans le domaine de l&rsquo;\u00e9galit\u00e9 Femmes\/Hommes.<\/p>\n\n\n\n<figure class=\"wp-block-image\"><img decoding=\"async\" src=\"https:\/\/88.cdgplus.fr\/wp-content\/uploads\/sites\/2\/B_LA_GESTION_DES_CARRIERES\/CELLULE_SIGNALEMENT\/logo_signalement_FULL-300x88.png\" alt=\"Recueil de signalements - CDG 88\"\/><\/figure>\n\n\n\n<p><strong>Point n\u00b05 : <\/strong>dispositif de signalement des actes de violences, discrimination, harc\u00e8lement et<\/p>\n\n\n\n<p>agissement sexistes La CGT souhaitait demander l&rsquo;inscription des ces faits au DUERP, mais n&rsquo;a pas eu besoin de le faire puisque il est annonc\u00e9, lors de la pr\u00e9sentation, que ces actes seront inscrits au document unique d&rsquo;\u00e9valuation des risques professionnels. Ils deviennent donc des risques professionnels. Pour la CGT c&rsquo;est une avanc\u00e9e importante.<\/p>\n\n\n\n<p>La CGT a demand\u00e9 qu&rsquo;en lieu et place du Centre de Gestion du Doubs, soit choisi une association sp\u00e9cialis\u00e9e et ayant une certaine exp\u00e9rience de ces sujets.<\/p>\n\n\n\n<p>L&rsquo;administration a r\u00e9pondu par la n\u00e9gative en argumentant sur le fait que les agents du CDG \u00e9tant sous statut, cela garantissait la neutralit\u00e9 et l&rsquo;efficacit\u00e9 du dispositif de signalement.<\/p>\n\n\n\n<div class=\"wp-block-image\"><figure class=\"aligncenter size-large is-resized\"><img loading=\"lazy\" decoding=\"async\" src=\"https:\/\/cgt-bfc.fr\/wp-content\/uploads\/2021\/03\/image-15.png\" alt=\"\" class=\"wp-image-9471\" width=\"488\" height=\"565\"\/><\/figure><\/div>\n","protected":false},"excerpt":{"rendered":"<div class=\"mh-excerpt\"><p>Point n\u00b01 : (mise \u00e0 jour du tableau des effectifs) Ce point correspond \u00e0 la fois \u00e0 des cr\u00e9ations de postes jug\u00e9s n\u00e9cessaire, et la <a class=\"mh-excerpt-more\" href=\"https:\/\/cgt-bfc.fr\/index.php\/2021\/03\/22\/comite-technique-du\/\" title=\"Comit\u00e9 technique du\">[&#8230;]<\/a><\/p>\n<\/div>","protected":false},"author":1,"featured_media":9476,"comment_status":"open","ping_status":"open","sticky":false,"template":"","format":"standard","meta":{"_jetpack_memberships_contains_paid_content":false,"footnotes":""},"categories":[1,21,13,22,23],"tags":[],"class_list":["post-9456","post","type-post","status-publish","format-standard","has-post-thumbnail","hentry","category-actu","category-agent-du-siege","category-agents","category-agents-des-lycees","category-comite-technique-paritaire"],"jetpack_featured_media_url":"https:\/\/cgt-bfc.fr\/wp-content\/uploads\/2021\/03\/ct_du_11_03.png","jetpack_sharing_enabled":true,"_links":{"self":[{"href":"https:\/\/cgt-bfc.fr\/index.php\/wp-json\/wp\/v2\/posts\/9456","targetHints":{"allow":["GET"]}}],"collection":[{"href":"https:\/\/cgt-bfc.fr\/index.php\/wp-json\/wp\/v2\/posts"}],"about":[{"href":"https:\/\/cgt-bfc.fr\/index.php\/wp-json\/wp\/v2\/types\/post"}],"author":[{"embeddable":true,"href":"https:\/\/cgt-bfc.fr\/index.php\/wp-json\/wp\/v2\/users\/1"}],"replies":[{"embeddable":true,"href":"https:\/\/cgt-bfc.fr\/index.php\/wp-json\/wp\/v2\/comments?post=9456"}],"version-history":[{"count":9,"href":"https:\/\/cgt-bfc.fr\/index.php\/wp-json\/wp\/v2\/posts\/9456\/revisions"}],"predecessor-version":[{"id":9473,"href":"https:\/\/cgt-bfc.fr\/index.php\/wp-json\/wp\/v2\/posts\/9456\/revisions\/9473"}],"wp:featuredmedia":[{"embeddable":true,"href":"https:\/\/cgt-bfc.fr\/index.php\/wp-json\/wp\/v2\/media\/9476"}],"wp:attachment":[{"href":"https:\/\/cgt-bfc.fr\/index.php\/wp-json\/wp\/v2\/media?parent=9456"}],"wp:term":[{"taxonomy":"category","embeddable":true,"href":"https:\/\/cgt-bfc.fr\/index.php\/wp-json\/wp\/v2\/categories?post=9456"},{"taxonomy":"post_tag","embeddable":true,"href":"https:\/\/cgt-bfc.fr\/index.php\/wp-json\/wp\/v2\/tags?post=9456"}],"curies":[{"name":"wp","href":"https:\/\/api.w.org\/{rel}","templated":true}]}}