{"id":9622,"date":"2021-04-19T10:37:02","date_gmt":"2021-04-19T09:37:02","guid":{"rendered":"https:\/\/cgt-bfc.fr\/?p=9622"},"modified":"2021-06-13T17:33:52","modified_gmt":"2021-06-13T16:33:52","slug":"1-mai","status":"publish","type":"post","link":"https:\/\/cgt-bfc.fr\/index.php\/2021\/04\/19\/1-mai\/","title":{"rendered":"1\u00b0 Mai"},"content":{"rendered":"\n<p>LE 1er MAI n\u2019est pas simplement un jour f\u00e9ri\u00e9.<br>Il s\u2019agit aussi et surtout d\u2019une journ\u00e9e internationale de lutte des travailleuses et travailleurs pour leurs droits.<br>C\u2019est pourquoi, en d\u00e9pit de la crise sanitaire, nous estimons indispensable que le monde du travail (salari\u00e9\u00b7e\u00b7s, ch\u00f4meur\u00b7euse\u00b7s, retrait\u00e9\u00b7e\u00b7s, pr\u00e9caires\u2026) continue de se saisir de cette journ\u00e9e pour porter haut et fort ses l\u00e9gitimes revendications.<br>Consid\u00e9rant la politique sociale r\u00e9gressive d\u2019Emmanuel Macron et de sa majorit\u00e9, les raisons sont multiples et fortes de se rassembler pour promouvoir des alternatives.<br>C\u2019est vrai pour l\u2019ensemble de la soci\u00e9t\u00e9 et particuli\u00e8rement pour la Fonction publique.<\/p>\n\n\n\n<figure class=\"wp-block-image size-large\"><img loading=\"lazy\" decoding=\"async\" width=\"1024\" height=\"377\" src=\"https:\/\/cgt-bfc.fr\/wp-content\/uploads\/2021\/04\/image-6-1024x377.png\" alt=\"\" class=\"wp-image-9627\" srcset=\"https:\/\/cgt-bfc.fr\/wp-content\/uploads\/2021\/04\/image-6-1024x377.png 1024w, https:\/\/cgt-bfc.fr\/wp-content\/uploads\/2021\/04\/image-6-1536x565.png 1536w, https:\/\/cgt-bfc.fr\/wp-content\/uploads\/2021\/04\/image-6.png 1631w\" sizes=\"auto, (max-width: 1024px) 100vw, 1024px\" \/><\/figure>\n\n\n\n<p class=\"has-vivid-red-color has-text-color\">IL N\u2019Y A DONC PAS \u00c0 H\u00c9SITER :<br>IL FAUT SE MOBILISER !<br>Pour :<br>&#x2714; Des cr\u00e9ations d\u2019emplois statutaires dans tous les secteurs qui en ont besoin ;<br>&#x2714; Le d\u00e9gel de la valeur du point et de fortes augmentations g\u00e9n\u00e9rales des traitements et des pensions notamment par une revalorisation de la grille indiciaire ;<br>&#x2714; L\u2019am\u00e9lioration des conditions de travail ;<br>&#x2714; Des mesures renforc\u00e9es et concr\u00e8tes pour l\u2019\u00e9galit\u00e9 professionnelle entre les femmes et les hommes, alors que les femmes sont celles qui subissent les plus lourdes cons\u00e9quences issues de la pand\u00e9mie ;<br>&#x2714; L\u2019arr\u00eat des d\u00e9mant\u00e8lements des services et, a contrario, des r\u00e9formes visant tout \u00e0 la fois \u00e0 am\u00e9liorer la qualit\u00e9 du service public rendu et les conditions de travail ;<br>&#x2714; La r\u00e9duction du temps et de la charge de travail et, par voie de cons\u00e9quence, l\u2019abandon imm\u00e9diat des tentatives d\u2019allongement de la dur\u00e9e du temps de travail ;<br>&#x2714; Le renforcement de la d\u00e9mocratie sociale, antinomique de la loi de la loi de transformation de la Fonction publique.<\/p>\n\n\n\n<h2 class=\"wp-block-heading\">Le tract : <strong>Ici <\/strong><\/h2>\n\n\n\n<h3 class=\"wp-block-heading\">Lieux connus des rassemblements :<\/h3>\n\n\n\n<p>Autun&nbsp;: rassemblement 11h devant la mairie<\/p>\n\n\n\n<p>Auxerre :10h30 place de l&rsquo;arquebuse <\/p>\n\n\n\n<p>Chalon-sur Sa\u00f4ne&nbsp;: rassemblement 10h Place de Beaune puis manif jusqu\u2019\u00e0 l\u2019Espace des Arts<\/p>\n\n\n\n<p>M\u00e2con&nbsp;:&nbsp; rassemblement 10h30\/11h devant la maison des syndicats<\/p>\n\n\n\n<p>Montceau&nbsp;: rassemblement 10h \u00e0 l\u2019Union Locale Cgt<\/p>\n\n\n\n<p>Besan\u00e7on&nbsp;: Manifestation d\u00e9part 10H30 Place de la r\u00e9volution<\/p>\n\n\n\n<p>Montb\u00e9liard&nbsp;: Manifestation d\u00e9part 10H Place de la Chiffogne (en face de l\u2019ancien parking de l\u2019h\u00f4pital) boulevard Victor Hugo<\/p>\n\n\n\n<p>Dijon&nbsp;: Manifestation 10h00 \u2013 Place Wilson<\/p>\n\n\n\n<p>Nevers&nbsp;: Appel \u00e0 rassemblement devant la Bourse du Travail \u00e0 10h00 et manifestation jusqu\u2019\u00e0 la Pr\u00e9fecture. Un concert cl\u00f4turera cette mobilisation.<\/p>\n\n\n\n<p>Decize&nbsp;: Rassemblement \u00e0 10h30 Place de la mairie.<\/p>\n\n\n\n<p>Cosne sur Loire&nbsp;: D\u00e9part de la manifestation \u00e0 10h30 devant la poste.<\/p>\n\n\n\n<p>Clamecy&nbsp;: Rassemblement \u00e0 10h30 devant l\u2019ancienne poste.<\/p>\n\n\n\n<p>Lons Le saunier : place de la libert\u00e9 \u00e0 10h30<\/p>\n\n\n\n<p>Dole : Avenue de Lahr \u00e0 11h00&nbsp;<\/p>\n\n\n\n<p>\u00a0Saint Claude:\u00a0 Place du 9 avril \u00e0 10h30<\/p>\n\n\n\n<h3 class=\"wp-block-heading\">Le  pr\u00e9avis de gr\u00e8ve f\u00e9d\u00e9ral pour le mois de Mai : <a href=\"http:\/\/cgt-bfc.fr\/\/wp-content\/media\/CHSCT\/preavis_fede_cgt_greve_mai_2021.pdf\">Ici<\/a><\/h3>\n\n\n\n<div class=\"wp-block-image\"><figure class=\"aligncenter size-large\"><img loading=\"lazy\" decoding=\"async\" width=\"664\" height=\"938\" src=\"https:\/\/cgt-bfc.fr\/wp-content\/uploads\/2021\/04\/image-7.png\" alt=\"\" class=\"wp-image-9634\"\/><\/figure><\/div>\n\n\n\n<p><\/p>\n","protected":false},"excerpt":{"rendered":"<div class=\"mh-excerpt\"><p>LE 1er MAI n\u2019est pas simplement un jour f\u00e9ri\u00e9.Il s\u2019agit aussi et surtout d\u2019une journ\u00e9e internationale de lutte des travailleuses et travailleurs pour leurs droits.C\u2019est <a class=\"mh-excerpt-more\" href=\"https:\/\/cgt-bfc.fr\/index.php\/2021\/04\/19\/1-mai\/\" title=\"1\u00b0 Mai\">[&#8230;]<\/a><\/p>\n<\/div>","protected":false},"author":1,"featured_media":9624,"comment_status":"open","ping_status":"open","sticky":false,"template":"","format":"standard","meta":{"_jetpack_memberships_contains_paid_content":false,"footnotes":""},"categories":[1,21,13,22],"tags":[],"class_list":["post-9622","post","type-post","status-publish","format-standard","has-post-thumbnail","hentry","category-actu","category-agent-du-siege","category-agents","category-agents-des-lycees"],"jetpack_featured_media_url":"https:\/\/cgt-bfc.fr\/wp-content\/uploads\/2021\/04\/1Mai.jpg","jetpack_sharing_enabled":true,"_links":{"self":[{"href":"https:\/\/cgt-bfc.fr\/index.php\/wp-json\/wp\/v2\/posts\/9622","targetHints":{"allow":["GET"]}}],"collection":[{"href":"https:\/\/cgt-bfc.fr\/index.php\/wp-json\/wp\/v2\/posts"}],"about":[{"href":"https:\/\/cgt-bfc.fr\/index.php\/wp-json\/wp\/v2\/types\/post"}],"author":[{"embeddable":true,"href":"https:\/\/cgt-bfc.fr\/index.php\/wp-json\/wp\/v2\/users\/1"}],"replies":[{"embeddable":true,"href":"https:\/\/cgt-bfc.fr\/index.php\/wp-json\/wp\/v2\/comments?post=9622"}],"version-history":[{"count":13,"href":"https:\/\/cgt-bfc.fr\/index.php\/wp-json\/wp\/v2\/posts\/9622\/revisions"}],"predecessor-version":[{"id":9639,"href":"https:\/\/cgt-bfc.fr\/index.php\/wp-json\/wp\/v2\/posts\/9622\/revisions\/9639"}],"wp:featuredmedia":[{"embeddable":true,"href":"https:\/\/cgt-bfc.fr\/index.php\/wp-json\/wp\/v2\/media\/9624"}],"wp:attachment":[{"href":"https:\/\/cgt-bfc.fr\/index.php\/wp-json\/wp\/v2\/media?parent=9622"}],"wp:term":[{"taxonomy":"category","embeddable":true,"href":"https:\/\/cgt-bfc.fr\/index.php\/wp-json\/wp\/v2\/categories?post=9622"},{"taxonomy":"post_tag","embeddable":true,"href":"https:\/\/cgt-bfc.fr\/index.php\/wp-json\/wp\/v2\/tags?post=9622"}],"curies":[{"name":"wp","href":"https:\/\/api.w.org\/{rel}","templated":true}]}}