{"id":9660,"date":"2021-05-26T09:31:15","date_gmt":"2021-05-26T08:31:15","guid":{"rendered":"https:\/\/cgt-bfc.fr\/?p=9660"},"modified":"2021-06-14T04:39:17","modified_gmt":"2021-06-14T03:39:17","slug":"ensemble-le-15-juin-faisons-nous-entendre-pour-obtenir-de-reelles-avancees","status":"publish","type":"post","link":"https:\/\/cgt-bfc.fr\/index.php\/2021\/05\/26\/ensemble-le-15-juin-faisons-nous-entendre-pour-obtenir-de-reelles-avancees\/","title":{"rendered":"ENSEMBLE LE 15 JUIN, FAISONS-NOUS ENTENDRE POUR OBTENIR DE R\u00c9ELLES AVANC\u00c9ES"},"content":{"rendered":"\n<figure class=\"wp-block-image size-large\"><img decoding=\"async\" src=\"https:\/\/cgt-bfc.fr\/wp-content\/uploads\/2021\/05\/image-1-1024x361.png\" alt=\"\" class=\"wp-image-9670\"\/><\/figure>\n\n\n\n<figure class=\"wp-block-image size-large\"><img loading=\"lazy\" decoding=\"async\" width=\"909\" height=\"943\" src=\"https:\/\/cgt-bfc.fr\/wp-content\/uploads\/2021\/05\/image.png\" alt=\"\" class=\"wp-image-9665\"\/><\/figure>\n\n\n\n<p>Le Tract format PDF :<a href=\"http:\/\/cgt-bfc.fr\/\/wp-content\/media\/pdf\/2021_05_18_tract_inter_cgt_fa_fsu_solidaires_3_.pdf\"> ICI<\/a><\/p>\n\n\n\n<p><strong>Initiatives connues \u00e0 ce jour :<\/strong><\/p>\n\n\n\n<ul class=\"wp-block-list\"><li><strong>M\u00e2con<\/strong>\u00a0: Rassemblement d\u00e8s 14h00 pour manifester \u00e0 15h00 depuis le Conseil D\u00e9partemental jusqu\u2019\u00e0 la d\u00e9l\u00e9gation Territoriale de l\u2019ARS \u2013\u00a0<strong><a href=\"https:\/\/cgtbourgognefranchecomte.fr\/wp-content\/uploads\/2021\/06\/tract-usd-71.pdf\">Lire le tract de l\u2019USD 71<\/a><\/strong><\/li><li><strong>Auxerre<\/strong>\u00a0:\u00a0 rassemblement devant le CH d\u2019Auxerre \u00e0 14h30 suivi d\u2019une manifestation au Conseil d\u00e9partemental \u2013\u00a0<strong><a rel=\"noreferrer noopener\" href=\"https:\/\/cgtbourgognefranchecomte.fr\/wp-content\/uploads\/2021\/06\/tract_15_juin_tous_unis_15.06.2021.pdf\" target=\"_blank\">Lire le tract de l\u2019USD 89<\/a><\/strong><\/li><li><strong>Besan\u00e7on\u00a0<\/strong>: rassemblement 17h00 devant la pr\u00e9fecture \u2013<strong>\u00a0<a href=\"https:\/\/cgtbourgognefranchecomte.fr\/wp-content\/uploads\/2021\/06\/TractAS15juin.pdf\">Lire le tract de l\u2019USD 25<\/a><\/strong><\/li><li><strong>Dijon :\u00a0<\/strong>rassemblement 13h30 devant la Mutualit\u00e9 Fran\u00e7aise\u00a0 (16 Boulevard de S\u00e9vign\u00e9)\u00a0<\/li><li><strong>Lons le Saunier :<\/strong> devant le conseil d\u00e9partemental \u00e0 15h<\/li><\/ul>\n\n\n\n<h3 class=\"wp-block-heading\"><span class=\"has-inline-color has-vivid-red-color\">Non \u00e0 la mise \u00e0 mort de la Fonction publique territoriale&nbsp;!&nbsp;<\/span><\/h3>\n\n\n\n<p>La loi dite de transformation de la Fonction publique entend bien transformer, c\u2019est-\u00e0-dire changer la nature de la Fonction publique territoriale.<br>Le gouvernement pr\u00e9voit pour la fin d\u2019ann\u00e9e de faire passer une ordonnance portant<strong> \u00ab codification \u00bb<\/strong> du statut. Le passage du statut \u00e0 un code, c\u2019est le passage des droits collectifs attach\u00e9s \u00e0 la personne \u00e0 des pseudos droits ren\u00e9gociables attach\u00e9s \u00e0 la collectivit\u00e9 ou \u00e0 l\u2019administration.<strong> La transformation du statut en code c\u2019est la fin du droit \u00e0 la carri\u00e8re, aux avancements,la fin des commissions de r\u00e9forme, la fin de nos instances paritaires, c\u2019est la fin du Conseil sup\u00e9rieur de la Fonction publique territoriale, c\u2019est l\u2019ouverture \u00e0 marche forc\u00e9e \u00e0 la mise en concurrence entre les salari\u00e9s, les contractuels, les fonctionnaires.<\/strong><br>D\u00e9j\u00e0 les lignes directrices de gestion, bo\u00eete \u00e0 outil technocratique pour imposer l\u2019aust\u00e9rit\u00e9 dans la gestion du personnel,bouleversent profond\u00e9ment nos organisations. Il y a une tr\u00e8s nette volont\u00e9 de d\u00e9sorganiser les collectivit\u00e9s, notamment les plus grandes, les agglo\u2026<strong> pour pr\u00e9parer les privatisations massives, notamment \u00e0 travers les d\u00e9l\u00e9gations de services publics, les externalisations. C\u2019est pour mettre en oeuvre cette orientation, pour baisser par tous les moyens la masse salariale, les effectifs, qu\u2019a \u00e9t\u00e9 adopt\u00e9e la loi Dussopt !<\/strong><br>La transformation de la Fonction publique, c\u2019est pour l\u2019alchimiste Macron la transformation d\u2019un syst\u00e8me fond\u00e9 sur l\u2019\u00e9galit\u00e9 de traitement des usagers et des agents en un syst\u00e8me ub\u00e9ris\u00e9, privatis\u00e9, concurrentiel\u2026 Ce n\u2019est pas au virus que Macron a d\u00e9clar\u00e9 la guerre, c\u2019est aux services publics territoriaux\u2026 et aux agents charg\u00e9s de les mettre en oeuvre ! <strong>C\u2019est aussi pour cela qu\u2019ils ont d\u00e9cid\u00e9 de restreindre notre droit de gr\u00e8ve !<\/strong><\/p>\n\n\n\n<p><strong>1&nbsp;383&nbsp;articles.<\/strong> C&rsquo;est ce que devrait contenir le futur code g\u00e9n\u00e9ral de la fonction publique (CGFP) que le gouvernement doit acter par ordonnance d&rsquo;ici la fin de l&rsquo;ann\u00e9e conform\u00e9ment \u00e0 la loi de transformation de la fonction publique du 6&nbsp;ao\u00fbt 2019<\/p>\n\n\n\n<div class=\"wp-block-image\"><figure class=\"aligncenter size-large is-resized\"><img loading=\"lazy\" decoding=\"async\" src=\"https:\/\/cgt-bfc.fr\/wp-content\/uploads\/2021\/05\/image-3.png\" alt=\"\" class=\"wp-image-9699\" width=\"407\" height=\"287\"\/><\/figure><\/div>\n","protected":false},"excerpt":{"rendered":"<div class=\"mh-excerpt\"><p>Le Tract format PDF : ICI Initiatives connues \u00e0 ce jour : M\u00e2con\u00a0: Rassemblement d\u00e8s 14h00 pour manifester \u00e0 15h00 depuis le Conseil D\u00e9partemental jusqu\u2019\u00e0 <a class=\"mh-excerpt-more\" href=\"https:\/\/cgt-bfc.fr\/index.php\/2021\/05\/26\/ensemble-le-15-juin-faisons-nous-entendre-pour-obtenir-de-reelles-avancees\/\" title=\"ENSEMBLE LE 15 JUIN, FAISONS-NOUS ENTENDRE POUR OBTENIR DE R\u00c9ELLES AVANC\u00c9ES\">[&#8230;]<\/a><\/p>\n<\/div>","protected":false},"author":1,"featured_media":9673,"comment_status":"open","ping_status":"open","sticky":false,"template":"","format":"standard","meta":{"_jetpack_memberships_contains_paid_content":false,"footnotes":""},"categories":[1,21,13,22],"tags":[],"class_list":["post-9660","post","type-post","status-publish","format-standard","has-post-thumbnail","hentry","category-actu","category-agent-du-siege","category-agents","category-agents-des-lycees"],"jetpack_featured_media_url":"https:\/\/cgt-bfc.fr\/wp-content\/uploads\/2021\/05\/15_juin.png","jetpack_sharing_enabled":true,"_links":{"self":[{"href":"https:\/\/cgt-bfc.fr\/index.php\/wp-json\/wp\/v2\/posts\/9660","targetHints":{"allow":["GET"]}}],"collection":[{"href":"https:\/\/cgt-bfc.fr\/index.php\/wp-json\/wp\/v2\/posts"}],"about":[{"href":"https:\/\/cgt-bfc.fr\/index.php\/wp-json\/wp\/v2\/types\/post"}],"author":[{"embeddable":true,"href":"https:\/\/cgt-bfc.fr\/index.php\/wp-json\/wp\/v2\/users\/1"}],"replies":[{"embeddable":true,"href":"https:\/\/cgt-bfc.fr\/index.php\/wp-json\/wp\/v2\/comments?post=9660"}],"version-history":[{"count":11,"href":"https:\/\/cgt-bfc.fr\/index.php\/wp-json\/wp\/v2\/posts\/9660\/revisions"}],"predecessor-version":[{"id":9747,"href":"https:\/\/cgt-bfc.fr\/index.php\/wp-json\/wp\/v2\/posts\/9660\/revisions\/9747"}],"wp:featuredmedia":[{"embeddable":true,"href":"https:\/\/cgt-bfc.fr\/index.php\/wp-json\/wp\/v2\/media\/9673"}],"wp:attachment":[{"href":"https:\/\/cgt-bfc.fr\/index.php\/wp-json\/wp\/v2\/media?parent=9660"}],"wp:term":[{"taxonomy":"category","embeddable":true,"href":"https:\/\/cgt-bfc.fr\/index.php\/wp-json\/wp\/v2\/categories?post=9660"},{"taxonomy":"post_tag","embeddable":true,"href":"https:\/\/cgt-bfc.fr\/index.php\/wp-json\/wp\/v2\/tags?post=9660"}],"curies":[{"name":"wp","href":"https:\/\/api.w.org\/{rel}","templated":true}]}}