{"id":9723,"date":"2021-06-12T15:21:39","date_gmt":"2021-06-12T14:21:39","guid":{"rendered":"https:\/\/cgt-bfc.fr\/?p=9723"},"modified":"2021-07-03T15:00:37","modified_gmt":"2021-07-03T14:00:37","slug":"candidates","status":"publish","type":"post","link":"https:\/\/cgt-bfc.fr\/index.php\/2021\/06\/12\/candidates\/","title":{"rendered":"Candidat(e)s"},"content":{"rendered":"\n<p><em>Madame, Monsieur, les candidat.e.s aux \u00e9lections r\u00e9gionales de 2021.<br>En juin 2021 se tiennent les prochaines \u00e9lections r\u00e9gionales. Vous avez fait acte de candidature.<br>Si les urnes vous sont favorables, vous serez le 25 juin prochain la ou le futur.e Pr\u00e9sident.e de la R\u00e9gion Bourgogne Franche Comt\u00e9 et vous deviendrez \u00e9galement l\u2019employeur de 4327 agents publics en charge du service public r\u00e9gional.<\/em><\/p>\n\n\n\n<figure class=\"wp-block-image size-large\"><img loading=\"lazy\" decoding=\"async\" width=\"1024\" height=\"585\" src=\"https:\/\/cgt-bfc.fr\/wp-content\/uploads\/2021\/06\/image-1-1024x585.png\" alt=\"\" class=\"wp-image-9740\" srcset=\"https:\/\/cgt-bfc.fr\/wp-content\/uploads\/2021\/06\/image-1-1024x585.png 1024w, https:\/\/cgt-bfc.fr\/wp-content\/uploads\/2021\/06\/image-1-1536x878.png 1536w, https:\/\/cgt-bfc.fr\/wp-content\/uploads\/2021\/06\/image-1.png 1806w\" sizes=\"auto, (max-width: 1024px) 100vw, 1024px\" \/><\/figure>\n","protected":false},"excerpt":{"rendered":"<div class=\"mh-excerpt\"><p>Madame, Monsieur, les candidat.e.s aux \u00e9lections r\u00e9gionales de 2021.En juin 2021 se tiennent les prochaines \u00e9lections r\u00e9gionales. Vous avez fait acte de candidature.Si les urnes <a class=\"mh-excerpt-more\" href=\"https:\/\/cgt-bfc.fr\/index.php\/2021\/06\/12\/candidates\/\" title=\"Candidat(e)s\">[&#8230;]<\/a><\/p>\n<\/div>","protected":false},"author":1,"featured_media":9725,"comment_status":"open","ping_status":"open","sticky":false,"template":"","format":"standard","meta":{"_jetpack_memberships_contains_paid_content":false,"footnotes":""},"categories":[1,21,13,22],"tags":[],"class_list":["post-9723","post","type-post","status-publish","format-standard","has-post-thumbnail","hentry","category-actu","category-agent-du-siege","category-agents","category-agents-des-lycees"],"jetpack_featured_media_url":"https:\/\/cgt-bfc.fr\/wp-content\/uploads\/2021\/06\/candidats.png","jetpack_sharing_enabled":true,"_links":{"self":[{"href":"https:\/\/cgt-bfc.fr\/index.php\/wp-json\/wp\/v2\/posts\/9723","targetHints":{"allow":["GET"]}}],"collection":[{"href":"https:\/\/cgt-bfc.fr\/index.php\/wp-json\/wp\/v2\/posts"}],"about":[{"href":"https:\/\/cgt-bfc.fr\/index.php\/wp-json\/wp\/v2\/types\/post"}],"author":[{"embeddable":true,"href":"https:\/\/cgt-bfc.fr\/index.php\/wp-json\/wp\/v2\/users\/1"}],"replies":[{"embeddable":true,"href":"https:\/\/cgt-bfc.fr\/index.php\/wp-json\/wp\/v2\/comments?post=9723"}],"version-history":[{"count":3,"href":"https:\/\/cgt-bfc.fr\/index.php\/wp-json\/wp\/v2\/posts\/9723\/revisions"}],"predecessor-version":[{"id":9741,"href":"https:\/\/cgt-bfc.fr\/index.php\/wp-json\/wp\/v2\/posts\/9723\/revisions\/9741"}],"wp:featuredmedia":[{"embeddable":true,"href":"https:\/\/cgt-bfc.fr\/index.php\/wp-json\/wp\/v2\/media\/9725"}],"wp:attachment":[{"href":"https:\/\/cgt-bfc.fr\/index.php\/wp-json\/wp\/v2\/media?parent=9723"}],"wp:term":[{"taxonomy":"category","embeddable":true,"href":"https:\/\/cgt-bfc.fr\/index.php\/wp-json\/wp\/v2\/categories?post=9723"},{"taxonomy":"post_tag","embeddable":true,"href":"https:\/\/cgt-bfc.fr\/index.php\/wp-json\/wp\/v2\/tags?post=9723"}],"curies":[{"name":"wp","href":"https:\/\/api.w.org\/{rel}","templated":true}]}}