{"id":9847,"date":"2021-07-22T09:51:23","date_gmt":"2021-07-22T08:51:23","guid":{"rendered":"https:\/\/cgt-bfc.fr\/?p=9847"},"modified":"2021-09-01T12:04:49","modified_gmt":"2021-09-01T11:04:49","slug":"accord-teletravail-des-garanties-collectives-restent-a-gagner-pour-les-cadres","status":"publish","type":"post","link":"https:\/\/cgt-bfc.fr\/index.php\/2021\/07\/22\/accord-teletravail-des-garanties-collectives-restent-a-gagner-pour-les-cadres\/","title":{"rendered":"Accord t\u00e9l\u00e9travail : des garanties collectives restent \u00e0 gagner pour les cadres"},"content":{"rendered":"\n<figure class=\"wp-block-image size-full\"><img loading=\"lazy\" decoding=\"async\" width=\"908\" height=\"947\" src=\"https:\/\/cgt-bfc.fr\/wp-content\/uploads\/2021\/08\/image-2.png\" alt=\"\" class=\"wp-image-9896\"\/><\/figure>\n\n\n\n<div class=\"wp-block-image\"><figure class=\"aligncenter is-resized\"><a href=\"https:\/\/ugictcgt.fr\/actus\/\"><img loading=\"lazy\" decoding=\"async\" src=\"https:\/\/www.cgtservicespublics.fr\/IMG\/png\/logoufictnational.png?20099\/6291bbb9291933badb9776f5d24538b96532f48f\" alt=\"\" width=\"254\" height=\"172\"\/><\/a><\/figure><\/div>\n","protected":false},"excerpt":{"rendered":"<div class=\"mh-excerpt\"><\/div>","protected":false},"author":1,"featured_media":9955,"comment_status":"open","ping_status":"open","sticky":false,"template":"","format":"standard","meta":{"_jetpack_memberships_contains_paid_content":false,"footnotes":""},"categories":[1,21],"tags":[],"class_list":["post-9847","post","type-post","status-publish","format-standard","has-post-thumbnail","hentry","category-actu","category-agent-du-siege"],"jetpack_featured_media_url":"https:\/\/cgt-bfc.fr\/wp-content\/uploads\/2021\/07\/descadressocialementengagees-1.png","jetpack_sharing_enabled":true,"_links":{"self":[{"href":"https:\/\/cgt-bfc.fr\/index.php\/wp-json\/wp\/v2\/posts\/9847","targetHints":{"allow":["GET"]}}],"collection":[{"href":"https:\/\/cgt-bfc.fr\/index.php\/wp-json\/wp\/v2\/posts"}],"about":[{"href":"https:\/\/cgt-bfc.fr\/index.php\/wp-json\/wp\/v2\/types\/post"}],"author":[{"embeddable":true,"href":"https:\/\/cgt-bfc.fr\/index.php\/wp-json\/wp\/v2\/users\/1"}],"replies":[{"embeddable":true,"href":"https:\/\/cgt-bfc.fr\/index.php\/wp-json\/wp\/v2\/comments?post=9847"}],"version-history":[{"count":6,"href":"https:\/\/cgt-bfc.fr\/index.php\/wp-json\/wp\/v2\/posts\/9847\/revisions"}],"predecessor-version":[{"id":9958,"href":"https:\/\/cgt-bfc.fr\/index.php\/wp-json\/wp\/v2\/posts\/9847\/revisions\/9958"}],"wp:featuredmedia":[{"embeddable":true,"href":"https:\/\/cgt-bfc.fr\/index.php\/wp-json\/wp\/v2\/media\/9955"}],"wp:attachment":[{"href":"https:\/\/cgt-bfc.fr\/index.php\/wp-json\/wp\/v2\/media?parent=9847"}],"wp:term":[{"taxonomy":"category","embeddable":true,"href":"https:\/\/cgt-bfc.fr\/index.php\/wp-json\/wp\/v2\/categories?post=9847"},{"taxonomy":"post_tag","embeddable":true,"href":"https:\/\/cgt-bfc.fr\/index.php\/wp-json\/wp\/v2\/tags?post=9847"}],"curies":[{"name":"wp","href":"https:\/\/api.w.org\/{rel}","templated":true}]}}